{"id":3958,"date":"2021-03-25T22:26:16","date_gmt":"2021-03-26T01:26:16","guid":{"rendered":"https:\/\/www.ufsm.br\/orgaos-executivos\/caed\/?p=3958"},"modified":"2021-03-25T22:26:31","modified_gmt":"2021-03-26T01:26:31","slug":"selecao-de-bolsistas-projeto-grafico-diagramacao","status":"publish","type":"post","link":"https:\/\/www.ufsm.br\/pro-reitorias\/prograd\/caed\/2021\/03\/25\/selecao-de-bolsistas-projeto-grafico-diagramacao","title":{"rendered":"SELE\u00c7\u00c3O DE BOLSISTAS &#8211; PROJETO GR\u00c1FICO\/DIAGRAMA\u00c7\u00c3O"},"content":{"rendered":"\n<p>A Universidade Federal de Santa Maria(UFSM)\/Coordenadoria de A\u00e7\u00f5es Educacionais(CAEd)\/Subdivis\u00e3o de Acessibilidade divulga a abertura de sele\u00e7\u00e3o de bolsistas.<\/p>\n<ol>\n<li><strong>Per\u00edodo de Inscri\u00e7\u00e3o: at\u00e9 06 de abril de 2021<\/strong><\/li>\n<li><strong>N\u00famero de Vagas: duas<\/strong><\/li>\n<li><strong>Fun\u00e7\u00e3o: Projeto gr\u00e1fico\/Diagrama\u00e7\u00e3o<\/strong><\/li>\n<li><strong>Pr\u00e9-requisitos:<\/strong><\/li>\n<li>a) Estar regularmente matriculado em cursos de gradua\u00e7\u00e3o da UFSM (Comunica\u00e7\u00e3o Social ou cursos correlatos que contemplem a fun\u00e7\u00e3o solicitada);<\/li>\n<li>b) Ter disponibilidade para cumprir carga hor\u00e1ria semanal de 16 horas;<\/li>\n<li>c) Ser titular de conta corrente no Banco do Brasil ou Caixa Econ\u00f4mica Federal;<\/li>\n<li>d) N\u00e3o ter outra bolsa na Institui\u00e7\u00e3o;<\/li>\n<li>e) N\u00e3o ter v\u00ednculo empregat\u00edcio;<\/li>\n<li>f) Ter dom\u00ednio do Pacote Adobe e, especialmente,\u00a0InDesign e Photoshop;<\/li>\n<li>g) ser proativo(a).<\/li>\n<\/ol>\n<p><strong>Obs.: Enviar\u00a0 via e-mail (<a href=\"mailto:caed.acessibilidade@ufsm.br\">caed.acessibilidade@ufsm.br<\/a>) os materiais produzidos, at\u00e9 o m\u00e1ximo de 05 trabalhos, a fim de comprovar a experi\u00eancia em diagrama\u00e7\u00e3o.<\/strong><\/p>\n<ol start=\"5\">\n<li>Atividades: realizar atividades relativas a elabora\u00e7\u00e3o de projeto gr\u00e1fico\/diagrama\u00e7\u00e3o de materiais produzidos pela CAEd\/Acessibilidade (e-books, informativos e demais materiais), produzir posts para redes sociais e atividades correlatas;<\/li>\n<li>Inscri\u00e7\u00f5es atrav\u00e9s do endere\u00e7o eletr\u00f4nico:\u00a0<a href=\"https:\/\/forms.gle\/9ksie1YLtz5C5h2Y8\">https:\/\/forms.gle\/9ksie1YLtz5C5h2Y8<\/a><\/li>\n<li>Sele\u00e7\u00e3o: ap\u00f3s encerramento das inscri\u00e7\u00f5es, os candidatos que cumprirem os pr\u00e9-requisitos receber\u00e3o um e-mail para agendamento da entrevista, a ser realizada nos dias 08 e 09 de abril de 2021 .<\/li>\n<li>In\u00edcio das atividades: 12 de abril de 2021.<\/li>\n<li>Valor da bolsa: 250,00 mensais.<\/li>\n<\/ol>\n","protected":false},"excerpt":{"rendered":"<p>A Universidade Federal de Santa Maria(UFSM)\/Coordenadoria de A\u00e7\u00f5es Educacionais(CAEd)\/Subdivis\u00e3o de Acessibilidade divulga a abertura de sele\u00e7\u00e3o de bolsistas. Per\u00edodo de Inscri\u00e7\u00e3o: at\u00e9 06 de abril de 2021 N\u00famero de Vagas: duas Fun\u00e7\u00e3o: Projeto gr\u00e1fico\/Diagrama\u00e7\u00e3o Pr\u00e9-requisitos: a) Estar regularmente matriculado em cursos de gradua\u00e7\u00e3o da UFSM (Comunica\u00e7\u00e3o Social ou cursos correlatos que contemplem a fun\u00e7\u00e3o solicitada); [&hellip;]<\/p>\n","protected":false},"author":252,"featured_media":0,"comment_status":"closed","ping_status":"closed","sticky":false,"template":"","format":"standard","meta":{"footnotes":""},"categories":[1],"tags":[],"class_list":["post-3958","post","type-post","status-publish","format-standard","hentry","category-sem-categoria"],"acf":[],"_links":{"self":[{"href":"https:\/\/www.ufsm.br\/pro-reitorias\/prograd\/caed\/wp-json\/wp\/v2\/posts\/3958","targetHints":{"allow":["GET"]}}],"collection":[{"href":"https:\/\/www.ufsm.br\/pro-reitorias\/prograd\/caed\/wp-json\/wp\/v2\/posts"}],"about":[{"href":"https:\/\/www.ufsm.br\/pro-reitorias\/prograd\/caed\/wp-json\/wp\/v2\/types\/post"}],"author":[{"embeddable":true,"href":"https:\/\/www.ufsm.br\/pro-reitorias\/prograd\/caed\/wp-json\/wp\/v2\/users\/252"}],"replies":[{"embeddable":true,"href":"https:\/\/www.ufsm.br\/pro-reitorias\/prograd\/caed\/wp-json\/wp\/v2\/comments?post=3958"}],"version-history":[{"count":0,"href":"https:\/\/www.ufsm.br\/pro-reitorias\/prograd\/caed\/wp-json\/wp\/v2\/posts\/3958\/revisions"}],"wp:attachment":[{"href":"https:\/\/www.ufsm.br\/pro-reitorias\/prograd\/caed\/wp-json\/wp\/v2\/media?parent=3958"}],"wp:term":[{"taxonomy":"category","embeddable":true,"href":"https:\/\/www.ufsm.br\/pro-reitorias\/prograd\/caed\/wp-json\/wp\/v2\/categories?post=3958"},{"taxonomy":"post_tag","embeddable":true,"href":"https:\/\/www.ufsm.br\/pro-reitorias\/prograd\/caed\/wp-json\/wp\/v2\/tags?post=3958"}],"curies":[{"name":"wp","href":"https:\/\/api.w.org\/{rel}","templated":true}]}}