{"id":3959,"date":"2021-03-25T22:38:59","date_gmt":"2021-03-26T01:38:59","guid":{"rendered":"https:\/\/www.ufsm.br\/orgaos-executivos\/caed\/?p=3959"},"modified":"2021-03-26T14:09:12","modified_gmt":"2021-03-26T17:09:12","slug":"selecao-de-bolsista-descricao-de-imagem-e-audiodescricao","status":"publish","type":"post","link":"https:\/\/www.ufsm.br\/pro-reitorias\/prograd\/caed\/2021\/03\/25\/selecao-de-bolsista-descricao-de-imagem-e-audiodescricao","title":{"rendered":"SELE\u00c7\u00c3O DE BOLSISTA &#8211; DESCRI\u00c7\u00c3O DE IMAGEM\/AUDIODESCRI\u00c7\u00c3O\/ADAPTA\u00c7\u00c3O DE MATERIAIS"},"content":{"rendered":"\n<p>A Universidade Federal de Santa Maria(UFSM)\/Coordenadoria de A\u00e7\u00f5es Educacionais(CAEd)\/Subdivis\u00e3o de Acessibilidade divulga sele\u00e7\u00e3o para bolsista.\u00a0<\/p>\n<div><strong>1. Per\u00edodo de Inscri\u00e7\u00e3o: at\u00e9 06 de abril de 2021.<\/strong><\/div>\n<div>\u00a0<\/div>\n<div><strong>2. Pr\u00e9-requisitos:<\/strong><\/div>\n<div>a) estar regularmente matriculado nos seguintes Cursos de Gradua\u00e7\u00e3o presencial da UFSM: Educa\u00e7\u00e3o Especial, Pedagogia, Comunica\u00e7\u00e3o Social, Terapia Ocupacional e Letras;<\/div>\n<div>b) ter disponibilidade para cumprir carga hor\u00e1ria semanal de 16h;<\/div>\n<div>c) ser titular de conta corrente no Banco do Brasil ou na Caixa Econ\u00f4mica Federal;<\/div>\n<div>d) n\u00e3o ter outra bolsa na Institui\u00e7\u00e3o;<\/div>\n<div>e) n\u00e3o ter v\u00ednculo empregat\u00edcio;<\/div>\n<div>f) ter facilidade com a escrita e gostar de ler;<\/div>\n<div>g) ser proativo(a) e respons\u00e1vel.<\/div>\n<div>\u00a0<\/div>\n<div>3. Atividades: realizar atividades relativas \u00e0 descri\u00e7\u00e3o de imagem e audiodescri\u00e7\u00e3o (elabora\u00e7\u00e3o de roteiro e consultoria), adapta\u00e7\u00e3o de materiais e outras tarefas de mesma natureza e n\u00edvel de complexidade associadas ao ambiente organizacional da CAEd &#8211; Acessibilidade;<\/div>\n<div>\u00a0<\/div>\n<div>4. Inscri\u00e7\u00f5es atrav\u00e9s do endere\u00e7o eletr\u00f4nico:\u00a0<a href=\"https:\/\/forms.gle\/9ksie1YLtz5C5h2Y8\" target=\"_blank\" rel=\"noopener\" data-saferedirecturl=\"https:\/\/www.google.com\/url?q=https:\/\/forms.gle\/9ksie1YLtz5C5h2Y8&amp;source=gmail&amp;ust=1616703219125000&amp;usg=AFQjCNGIpow4A-tACj4aNpjtyvAIaagbKA\">https:\/\/forms.gle\/9ksie1YLtz5C5h2Y8<\/a><\/div>\n<div>\u00a0<\/div>\n<div>5. Sele\u00e7\u00e3o: Ap\u00f3s encerramento das inscri\u00e7\u00f5es, os candidatos que cumprirem os pr\u00e9-requisitos e melhor se encaixarem \u00e0s demandas do setor, receber\u00e3o um e-mail para entrevista a ser realizada nos dias 8 e 9 de abril.<\/div>\n<div>\u00a0<\/div>\n<div>6. In\u00edcio das atividades: 12 de abril de 2021.<\/div>\n<div>\u00a0<\/div>\n<div>7. Valor da bolsa: 250,00\u00a0 mensais.<\/div>\n<div>\u00a0<\/div>\n<div>Ap\u00f3s realizar a inscri\u00e7\u00e3o, enviar comprovante de matr\u00edcula para o e-mail:\u00a0<a href=\"mailto:caed.acessibilidade@ufsm.br\" target=\"_blank\" rel=\"noopener\">caed.acessibilidade@ufsm.br<\/a><\/div>\n<div>\u00a0<\/div>\n","protected":false},"excerpt":{"rendered":"<p>A Universidade Federal de Santa Maria(UFSM)\/Coordenadoria de A\u00e7\u00f5es Educacionais(CAEd)\/Subdivis\u00e3o de Acessibilidade divulga sele\u00e7\u00e3o para bolsista.\u00a0 1. Per\u00edodo de Inscri\u00e7\u00e3o: at\u00e9 06 de abril de 2021. \u00a0 2. Pr\u00e9-requisitos: a) estar regularmente matriculado nos seguintes Cursos de Gradua\u00e7\u00e3o presencial da UFSM: Educa\u00e7\u00e3o Especial, Pedagogia, Comunica\u00e7\u00e3o Social, Terapia Ocupacional e Letras; b) ter disponibilidade para cumprir carga [&hellip;]<\/p>\n","protected":false},"author":252,"featured_media":0,"comment_status":"closed","ping_status":"closed","sticky":false,"template":"","format":"standard","meta":{"footnotes":""},"categories":[1],"tags":[],"class_list":["post-3959","post","type-post","status-publish","format-standard","hentry","category-sem-categoria"],"acf":[],"_links":{"self":[{"href":"https:\/\/www.ufsm.br\/pro-reitorias\/prograd\/caed\/wp-json\/wp\/v2\/posts\/3959","targetHints":{"allow":["GET"]}}],"collection":[{"href":"https:\/\/www.ufsm.br\/pro-reitorias\/prograd\/caed\/wp-json\/wp\/v2\/posts"}],"about":[{"href":"https:\/\/www.ufsm.br\/pro-reitorias\/prograd\/caed\/wp-json\/wp\/v2\/types\/post"}],"author":[{"embeddable":true,"href":"https:\/\/www.ufsm.br\/pro-reitorias\/prograd\/caed\/wp-json\/wp\/v2\/users\/252"}],"replies":[{"embeddable":true,"href":"https:\/\/www.ufsm.br\/pro-reitorias\/prograd\/caed\/wp-json\/wp\/v2\/comments?post=3959"}],"version-history":[{"count":0,"href":"https:\/\/www.ufsm.br\/pro-reitorias\/prograd\/caed\/wp-json\/wp\/v2\/posts\/3959\/revisions"}],"wp:attachment":[{"href":"https:\/\/www.ufsm.br\/pro-reitorias\/prograd\/caed\/wp-json\/wp\/v2\/media?parent=3959"}],"wp:term":[{"taxonomy":"category","embeddable":true,"href":"https:\/\/www.ufsm.br\/pro-reitorias\/prograd\/caed\/wp-json\/wp\/v2\/categories?post=3959"},{"taxonomy":"post_tag","embeddable":true,"href":"https:\/\/www.ufsm.br\/pro-reitorias\/prograd\/caed\/wp-json\/wp\/v2\/tags?post=3959"}],"curies":[{"name":"wp","href":"https:\/\/api.w.org\/{rel}","templated":true}]}}