{"id":4022,"date":"2021-04-11T17:43:53","date_gmt":"2021-04-11T20:43:53","guid":{"rendered":"https:\/\/www.ufsm.br\/orgaos-executivos\/caed\/?p=4022"},"modified":"2021-04-11T17:44:54","modified_gmt":"2021-04-11T20:44:54","slug":"elas-na-ciencia-novos-episodios","status":"publish","type":"post","link":"https:\/\/www.ufsm.br\/pro-reitorias\/prograd\/caed\/2021\/04\/11\/elas-na-ciencia-novos-episodios","title":{"rendered":"ELAS NA CI\u00caNCIA &#8211; NOVOS EPIS\u00d3DIOS"},"content":{"rendered":"\n<p>A Universidade Federal de Santa Maria(UFSM)\/Coordenadoria de A\u00e7\u00f5es Educacionais(CAEd) soma-se \u00e0 divulga\u00e7\u00e3o do 7\u00ba epis\u00f3dio da s\u00e9rie Elas na Ci\u00eancia.<\/p>\n<p>O 7\u00ba epis\u00f3dio traz Nikelen Acosta Witter, professora do Departamento de Hist\u00f3ria da UFSM. <a href=\"https:\/\/www.youtube.com\/watch?v=IYUI32QQPQw&amp;t=699s\" target=\"_blank\" rel=\"noopener\" data-saferedirecturl=\"https:\/\/www.google.com\/url?q=https:\/\/www.youtube.com\/watch?v%3DIYUI32QQPQw%26t%3D699s&amp;source=gmail&amp;ust=1618257741191000&amp;usg=AFQjCNHYtmBz3_aSF-vEyTQ2Tk5RzU_19w\">V\u00eddeo no YouTube da TV Campus<\/a>.<\/p>\n<p>O 8\u00ba epis\u00f3dio entrevista\u00a0Cinthia Melazzo de Andrade do Centro de Ci\u00eancias Rurais.\u00a0\u00a0<a href=\"https:\/\/www.youtube.com\/watch?v=otpkQiKPwfk\" target=\"_blank\" rel=\"noopener\" data-saferedirecturl=\"https:\/\/www.google.com\/url?q=https:\/\/www.youtube.com\/watch?v%3DotpkQiKPwfk&amp;source=gmail&amp;ust=1618257741191000&amp;usg=AFQjCNGFhoOACZhNngLpAe0Usn-T6vaBug\">V\u00eddeo no YouTube da TV Campus<\/a>.\u00a0\u00a0<\/p>\n<div>\u00a0<\/div>\n","protected":false},"excerpt":{"rendered":"<p>A Universidade Federal de Santa Maria(UFSM)\/Coordenadoria de A\u00e7\u00f5es Educacionais(CAEd) soma-se \u00e0 divulga\u00e7\u00e3o do 7\u00ba epis\u00f3dio da s\u00e9rie Elas na Ci\u00eancia. O 7\u00ba epis\u00f3dio traz Nikelen Acosta Witter, professora do Departamento de Hist\u00f3ria da UFSM. V\u00eddeo no YouTube da TV Campus. O 8\u00ba epis\u00f3dio entrevista\u00a0Cinthia Melazzo de Andrade do Centro de Ci\u00eancias Rurais.\u00a0\u00a0V\u00eddeo no YouTube da [&hellip;]<\/p>\n","protected":false},"author":252,"featured_media":0,"comment_status":"closed","ping_status":"closed","sticky":false,"template":"","format":"standard","meta":{"footnotes":""},"categories":[1],"tags":[],"class_list":["post-4022","post","type-post","status-publish","format-standard","hentry","category-sem-categoria"],"acf":[],"_links":{"self":[{"href":"https:\/\/www.ufsm.br\/pro-reitorias\/prograd\/caed\/wp-json\/wp\/v2\/posts\/4022","targetHints":{"allow":["GET"]}}],"collection":[{"href":"https:\/\/www.ufsm.br\/pro-reitorias\/prograd\/caed\/wp-json\/wp\/v2\/posts"}],"about":[{"href":"https:\/\/www.ufsm.br\/pro-reitorias\/prograd\/caed\/wp-json\/wp\/v2\/types\/post"}],"author":[{"embeddable":true,"href":"https:\/\/www.ufsm.br\/pro-reitorias\/prograd\/caed\/wp-json\/wp\/v2\/users\/252"}],"replies":[{"embeddable":true,"href":"https:\/\/www.ufsm.br\/pro-reitorias\/prograd\/caed\/wp-json\/wp\/v2\/comments?post=4022"}],"version-history":[{"count":0,"href":"https:\/\/www.ufsm.br\/pro-reitorias\/prograd\/caed\/wp-json\/wp\/v2\/posts\/4022\/revisions"}],"wp:attachment":[{"href":"https:\/\/www.ufsm.br\/pro-reitorias\/prograd\/caed\/wp-json\/wp\/v2\/media?parent=4022"}],"wp:term":[{"taxonomy":"category","embeddable":true,"href":"https:\/\/www.ufsm.br\/pro-reitorias\/prograd\/caed\/wp-json\/wp\/v2\/categories?post=4022"},{"taxonomy":"post_tag","embeddable":true,"href":"https:\/\/www.ufsm.br\/pro-reitorias\/prograd\/caed\/wp-json\/wp\/v2\/tags?post=4022"}],"curies":[{"name":"wp","href":"https:\/\/api.w.org\/{rel}","templated":true}]}}