{"id":4023,"date":"2021-04-11T17:48:08","date_gmt":"2021-04-11T20:48:08","guid":{"rendered":"https:\/\/www.ufsm.br\/orgaos-executivos\/caed\/?p=4023"},"modified":"2021-04-11T17:48:09","modified_gmt":"2021-04-11T20:48:09","slug":"inovacao-alem-do-arco-projetos-de-inovacao-da-ufsm","status":"publish","type":"post","link":"https:\/\/www.ufsm.br\/pro-reitorias\/prograd\/caed\/2021\/04\/11\/inovacao-alem-do-arco-projetos-de-inovacao-da-ufsm","title":{"rendered":"INOVA\u00c7AO AL\u00c9M DO ARCO &#8211; PROJETOS DE INOVA\u00c7\u00c3O DA UFSM"},"content":{"rendered":"\n<p>A Universidade Federal de Santa Maria(UFSM)\/Coordenadoria de A\u00e7\u00f5es Educacionais(CAEd) soma-se \u00e0 divulga\u00e7\u00e3o do trabalho da AGITTEC, que retomou a s\u00e9rie de v\u00eddeos sobre projetos de inova\u00e7\u00e3o da UFSM. Na segunda temporada, s\u00e3o tratados projetos da \u00e1rea de engenharia e tecnologia.<\/p>\n<p>Maiores informa\u00e7\u00f5es podem ser conferidas em:\u00a0<\/p>\n<p><a href=\"https:\/\/www.youtube.com\/playlist?list=PLYHky7qniFt1SMT3HFFRVqUZ_D_UVilWA\" target=\"_blank\" rel=\"noopener\" data-saferedirecturl=\"https:\/\/www.google.com\/url?q=https:\/\/www.youtube.com\/playlist?list%3DPLYHky7qniFt1SMT3HFFRVqUZ_D_UVilWA&amp;source=gmail&amp;ust=1618257741191000&amp;usg=AFQjCNHd5uRGHoysgPM_PUQ757k3SzecXQ\">V\u00eddeos no YouTube da Agittec<\/a>.<\/p>\n<p><a href=\"https:\/\/www.ufsm.br\/orgaos-executivos\/agittec\/\" target=\"_blank\" rel=\"noopener\" data-saferedirecturl=\"https:\/\/www.google.com\/url?q=https:\/\/www.ufsm.br\/orgaos-executivos\/agittec\/&amp;source=gmail&amp;ust=1618257741191000&amp;usg=AFQjCNFdSqkt9qDOuQNpuFlNh6aZyPzG_A\">Mat\u00e9rias no site da Agittec<\/a>.\u00a0<\/p>\n","protected":false},"excerpt":{"rendered":"<p>A Universidade Federal de Santa Maria(UFSM)\/Coordenadoria de A\u00e7\u00f5es Educacionais(CAEd) soma-se \u00e0 divulga\u00e7\u00e3o do trabalho da AGITTEC, que retomou a s\u00e9rie de v\u00eddeos sobre projetos de inova\u00e7\u00e3o da UFSM. Na segunda temporada, s\u00e3o tratados projetos da \u00e1rea de engenharia e tecnologia. Maiores informa\u00e7\u00f5es podem ser conferidas em:\u00a0 V\u00eddeos no YouTube da Agittec. Mat\u00e9rias no site da [&hellip;]<\/p>\n","protected":false},"author":252,"featured_media":0,"comment_status":"closed","ping_status":"closed","sticky":false,"template":"","format":"standard","meta":{"footnotes":""},"categories":[1],"tags":[],"class_list":["post-4023","post","type-post","status-publish","format-standard","hentry","category-sem-categoria"],"acf":[],"_links":{"self":[{"href":"https:\/\/www.ufsm.br\/pro-reitorias\/prograd\/caed\/wp-json\/wp\/v2\/posts\/4023","targetHints":{"allow":["GET"]}}],"collection":[{"href":"https:\/\/www.ufsm.br\/pro-reitorias\/prograd\/caed\/wp-json\/wp\/v2\/posts"}],"about":[{"href":"https:\/\/www.ufsm.br\/pro-reitorias\/prograd\/caed\/wp-json\/wp\/v2\/types\/post"}],"author":[{"embeddable":true,"href":"https:\/\/www.ufsm.br\/pro-reitorias\/prograd\/caed\/wp-json\/wp\/v2\/users\/252"}],"replies":[{"embeddable":true,"href":"https:\/\/www.ufsm.br\/pro-reitorias\/prograd\/caed\/wp-json\/wp\/v2\/comments?post=4023"}],"version-history":[{"count":0,"href":"https:\/\/www.ufsm.br\/pro-reitorias\/prograd\/caed\/wp-json\/wp\/v2\/posts\/4023\/revisions"}],"wp:attachment":[{"href":"https:\/\/www.ufsm.br\/pro-reitorias\/prograd\/caed\/wp-json\/wp\/v2\/media?parent=4023"}],"wp:term":[{"taxonomy":"category","embeddable":true,"href":"https:\/\/www.ufsm.br\/pro-reitorias\/prograd\/caed\/wp-json\/wp\/v2\/categories?post=4023"},{"taxonomy":"post_tag","embeddable":true,"href":"https:\/\/www.ufsm.br\/pro-reitorias\/prograd\/caed\/wp-json\/wp\/v2\/tags?post=4023"}],"curies":[{"name":"wp","href":"https:\/\/api.w.org\/{rel}","templated":true}]}}