{"id":4029,"date":"2021-04-12T20:30:58","date_gmt":"2021-04-12T23:30:58","guid":{"rendered":"https:\/\/www.ufsm.br\/orgaos-executivos\/caed\/?p=4029"},"modified":"2021-04-12T21:34:27","modified_gmt":"2021-04-13T00:34:27","slug":"50-anos-do-centro-de-processamento-de-dadoscpd-ufsm","status":"publish","type":"post","link":"https:\/\/www.ufsm.br\/pro-reitorias\/prograd\/caed\/2021\/04\/12\/50-anos-do-centro-de-processamento-de-dadoscpd-ufsm","title":{"rendered":"50 ANOS DO CENTRO DE PROCESSAMENTO DE DADOS (CPD) &#8211; UFSM"},"content":{"rendered":"\n<p>A Universidade Federal de Santa Maria(UFSM)\/Coordenadoria de A\u00e7\u00f5es Educacionais(CAEd) parabeniza o Centro de Processamento de Dados(CPD) pelos 50 anos de implementa\u00e7\u00e3o, a serem completados no pr\u00f3ximo dia 14 de abril.<\/p>\n<p>A partir desta data, o CPD divulgar\u00e1 semanalmente fatos da hist\u00f3ria do \u00f3rg\u00e3o durante estes 50 anos.<\/p>\n<p>Parab\u00e9ns!<\/p>\n","protected":false},"excerpt":{"rendered":"<p>A Universidade Federal de Santa Maria(UFSM)\/Coordenadoria de A\u00e7\u00f5es Educacionais(CAEd) parabeniza o Centro de Processamento de Dados(CPD) pelos 50 anos de implementa\u00e7\u00e3o, a serem completados no pr\u00f3ximo dia 14 de abril. A partir desta data, o CPD divulgar\u00e1 semanalmente fatos da hist\u00f3ria do \u00f3rg\u00e3o durante estes 50 anos. Parab\u00e9ns!<\/p>\n","protected":false},"author":252,"featured_media":0,"comment_status":"closed","ping_status":"closed","sticky":false,"template":"","format":"standard","meta":{"footnotes":""},"categories":[1],"tags":[],"class_list":["post-4029","post","type-post","status-publish","format-standard","hentry","category-sem-categoria"],"acf":[],"_links":{"self":[{"href":"https:\/\/www.ufsm.br\/pro-reitorias\/prograd\/caed\/wp-json\/wp\/v2\/posts\/4029","targetHints":{"allow":["GET"]}}],"collection":[{"href":"https:\/\/www.ufsm.br\/pro-reitorias\/prograd\/caed\/wp-json\/wp\/v2\/posts"}],"about":[{"href":"https:\/\/www.ufsm.br\/pro-reitorias\/prograd\/caed\/wp-json\/wp\/v2\/types\/post"}],"author":[{"embeddable":true,"href":"https:\/\/www.ufsm.br\/pro-reitorias\/prograd\/caed\/wp-json\/wp\/v2\/users\/252"}],"replies":[{"embeddable":true,"href":"https:\/\/www.ufsm.br\/pro-reitorias\/prograd\/caed\/wp-json\/wp\/v2\/comments?post=4029"}],"version-history":[{"count":0,"href":"https:\/\/www.ufsm.br\/pro-reitorias\/prograd\/caed\/wp-json\/wp\/v2\/posts\/4029\/revisions"}],"wp:attachment":[{"href":"https:\/\/www.ufsm.br\/pro-reitorias\/prograd\/caed\/wp-json\/wp\/v2\/media?parent=4029"}],"wp:term":[{"taxonomy":"category","embeddable":true,"href":"https:\/\/www.ufsm.br\/pro-reitorias\/prograd\/caed\/wp-json\/wp\/v2\/categories?post=4029"},{"taxonomy":"post_tag","embeddable":true,"href":"https:\/\/www.ufsm.br\/pro-reitorias\/prograd\/caed\/wp-json\/wp\/v2\/tags?post=4029"}],"curies":[{"name":"wp","href":"https:\/\/api.w.org\/{rel}","templated":true}]}}