{"id":4030,"date":"2021-04-12T20:35:06","date_gmt":"2021-04-12T23:35:06","guid":{"rendered":"https:\/\/www.ufsm.br\/orgaos-executivos\/caed\/?p=4030"},"modified":"2021-04-12T20:35:07","modified_gmt":"2021-04-12T23:35:07","slug":"elas-na-ciencia-novo-episodio-5","status":"publish","type":"post","link":"https:\/\/www.ufsm.br\/pro-reitorias\/prograd\/caed\/2021\/04\/12\/elas-na-ciencia-novo-episodio-5","title":{"rendered":"ELAS NA CI\u00caNCIA &#8211; NOVO EPIS\u00d3DIO"},"content":{"rendered":"\n<p>A Universidade Federal de Santa Maria(UFSM)\/Coordenadoria de A\u00e7\u00f5es Educacionais(CAEd) soma-se \u00e1 divulga\u00e7\u00e3o no nono epis\u00f3dio da s\u00e9rie <b>Elas na Ci\u00eancia, que traz a <\/b>professora Maria Rosa Chitolina, docente do Centro de Ci\u00eancias Naturais e Exatas (CCNE).<\/p>\n<p>O epis\u00f3dio pode ser conferido em <a href=\"https:\/\/www.youtube.com\/watch?v=g_Z1uWt4ggk\" target=\"_blank\" rel=\"noopener\" data-saferedirecturl=\"https:\/\/www.google.com\/url?q=https:\/\/www.youtube.com\/watch?v%3Dg_Z1uWt4ggk&amp;source=gmail&amp;ust=1618321424332000&amp;usg=AFQjCNEBhoNXyknwA_tb1Py-2ETfrY1FbQ\">YouTube da TV Campus<\/a>.<\/p>\n","protected":false},"excerpt":{"rendered":"<p>A Universidade Federal de Santa Maria(UFSM)\/Coordenadoria de A\u00e7\u00f5es Educacionais(CAEd) soma-se \u00e1 divulga\u00e7\u00e3o no nono epis\u00f3dio da s\u00e9rie Elas na Ci\u00eancia, que traz a professora Maria Rosa Chitolina, docente do Centro de Ci\u00eancias Naturais e Exatas (CCNE). O epis\u00f3dio pode ser conferido em YouTube da TV Campus.<\/p>\n","protected":false},"author":252,"featured_media":0,"comment_status":"closed","ping_status":"closed","sticky":false,"template":"","format":"standard","meta":{"footnotes":""},"categories":[1],"tags":[],"class_list":["post-4030","post","type-post","status-publish","format-standard","hentry","category-sem-categoria"],"acf":[],"_links":{"self":[{"href":"https:\/\/www.ufsm.br\/pro-reitorias\/prograd\/caed\/wp-json\/wp\/v2\/posts\/4030","targetHints":{"allow":["GET"]}}],"collection":[{"href":"https:\/\/www.ufsm.br\/pro-reitorias\/prograd\/caed\/wp-json\/wp\/v2\/posts"}],"about":[{"href":"https:\/\/www.ufsm.br\/pro-reitorias\/prograd\/caed\/wp-json\/wp\/v2\/types\/post"}],"author":[{"embeddable":true,"href":"https:\/\/www.ufsm.br\/pro-reitorias\/prograd\/caed\/wp-json\/wp\/v2\/users\/252"}],"replies":[{"embeddable":true,"href":"https:\/\/www.ufsm.br\/pro-reitorias\/prograd\/caed\/wp-json\/wp\/v2\/comments?post=4030"}],"version-history":[{"count":0,"href":"https:\/\/www.ufsm.br\/pro-reitorias\/prograd\/caed\/wp-json\/wp\/v2\/posts\/4030\/revisions"}],"wp:attachment":[{"href":"https:\/\/www.ufsm.br\/pro-reitorias\/prograd\/caed\/wp-json\/wp\/v2\/media?parent=4030"}],"wp:term":[{"taxonomy":"category","embeddable":true,"href":"https:\/\/www.ufsm.br\/pro-reitorias\/prograd\/caed\/wp-json\/wp\/v2\/categories?post=4030"},{"taxonomy":"post_tag","embeddable":true,"href":"https:\/\/www.ufsm.br\/pro-reitorias\/prograd\/caed\/wp-json\/wp\/v2\/tags?post=4030"}],"curies":[{"name":"wp","href":"https:\/\/api.w.org\/{rel}","templated":true}]}}