{"id":4031,"date":"2021-04-12T20:42:03","date_gmt":"2021-04-12T23:42:03","guid":{"rendered":"https:\/\/www.ufsm.br\/orgaos-executivos\/caed\/?p=4031"},"modified":"2021-04-12T20:42:05","modified_gmt":"2021-04-12T23:42:05","slug":"calourada-ufsm-2021-ii-semestre-letivo","status":"publish","type":"post","link":"https:\/\/www.ufsm.br\/pro-reitorias\/prograd\/caed\/2021\/04\/12\/calourada-ufsm-2021-ii-semestre-letivo","title":{"rendered":"CALOURADA UFSM 2021 &#8211; II SEMESTRE LETIVO"},"content":{"rendered":"\n<p>\u00a0A Universidade Federal de Santa Maria(UFSM)\/Coordenadoria de A\u00e7\u00f5es Educacionais(CAEd) soma-se \u00e0 divulga\u00e7\u00e3o da Calourada do segundo semestre letivo da UFSM.\u00a0<\/p>\n<p>Na \u00faltima reuni\u00e3o do Conselho de Ensino, Pesquisa e Extens\u00e3o (CEPE), ficou definido o in\u00edcio do semestre para dia 18 de maio de 2021. Desta forma, a Calourada ocorrer\u00e1 de 18 a 21 de maio de 2021.<\/p>\n<p><a href=\"https:\/\/youtu.be\/fSId4a2lSws\" target=\"_blank\" rel=\"noopener\" data-saferedirecturl=\"https:\/\/www.google.com\/url?q=https:\/\/youtu.be\/fSId4a2lSws&amp;source=gmail&amp;ust=1618321424332000&amp;usg=AFQjCNG-OSvE2lyJoZY3_eQOuxVrdNxBUw\">No dia 18\/5, \u00e0s 10h00min, ocorrer\u00e1 as boas-vindas institucionais, com o Reitor, Pr\u00f3-Reitor, DCE e pr\u00f3-reitorias (Prograd, PRAE, PRPGP e PRE)<\/a>.<\/p>\n<p>Nas demais datas e hor\u00e1rios, o canal ficar\u00e1 aberto para a programa\u00e7\u00e3o organizada pelas Unidade de Ensino da UFSM.\u00a0<\/p>\n","protected":false},"excerpt":{"rendered":"<p>\u00a0A Universidade Federal de Santa Maria(UFSM)\/Coordenadoria de A\u00e7\u00f5es Educacionais(CAEd) soma-se \u00e0 divulga\u00e7\u00e3o da Calourada do segundo semestre letivo da UFSM.\u00a0 Na \u00faltima reuni\u00e3o do Conselho de Ensino, Pesquisa e Extens\u00e3o (CEPE), ficou definido o in\u00edcio do semestre para dia 18 de maio de 2021. Desta forma, a Calourada ocorrer\u00e1 de 18 a 21 de maio [&hellip;]<\/p>\n","protected":false},"author":252,"featured_media":0,"comment_status":"closed","ping_status":"closed","sticky":false,"template":"","format":"standard","meta":{"footnotes":""},"categories":[1],"tags":[],"class_list":["post-4031","post","type-post","status-publish","format-standard","hentry","category-sem-categoria"],"acf":[],"_links":{"self":[{"href":"https:\/\/www.ufsm.br\/pro-reitorias\/prograd\/caed\/wp-json\/wp\/v2\/posts\/4031","targetHints":{"allow":["GET"]}}],"collection":[{"href":"https:\/\/www.ufsm.br\/pro-reitorias\/prograd\/caed\/wp-json\/wp\/v2\/posts"}],"about":[{"href":"https:\/\/www.ufsm.br\/pro-reitorias\/prograd\/caed\/wp-json\/wp\/v2\/types\/post"}],"author":[{"embeddable":true,"href":"https:\/\/www.ufsm.br\/pro-reitorias\/prograd\/caed\/wp-json\/wp\/v2\/users\/252"}],"replies":[{"embeddable":true,"href":"https:\/\/www.ufsm.br\/pro-reitorias\/prograd\/caed\/wp-json\/wp\/v2\/comments?post=4031"}],"version-history":[{"count":0,"href":"https:\/\/www.ufsm.br\/pro-reitorias\/prograd\/caed\/wp-json\/wp\/v2\/posts\/4031\/revisions"}],"wp:attachment":[{"href":"https:\/\/www.ufsm.br\/pro-reitorias\/prograd\/caed\/wp-json\/wp\/v2\/media?parent=4031"}],"wp:term":[{"taxonomy":"category","embeddable":true,"href":"https:\/\/www.ufsm.br\/pro-reitorias\/prograd\/caed\/wp-json\/wp\/v2\/categories?post=4031"},{"taxonomy":"post_tag","embeddable":true,"href":"https:\/\/www.ufsm.br\/pro-reitorias\/prograd\/caed\/wp-json\/wp\/v2\/tags?post=4031"}],"curies":[{"name":"wp","href":"https:\/\/api.w.org\/{rel}","templated":true}]}}