{"id":4033,"date":"2021-04-12T20:51:17","date_gmt":"2021-04-12T23:51:17","guid":{"rendered":"https:\/\/www.ufsm.br\/orgaos-executivos\/caed\/?p=4033"},"modified":"2021-04-12T20:58:46","modified_gmt":"2021-04-12T23:58:46","slug":"ufsm-convida-para-a-live-tira-duvidas-vacinacao-e-nova-fase-da-pandemia","status":"publish","type":"post","link":"https:\/\/www.ufsm.br\/pro-reitorias\/prograd\/caed\/2021\/04\/12\/ufsm-convida-para-a-live-tira-duvidas-vacinacao-e-nova-fase-da-pandemia","title":{"rendered":"UFSM CONVIDA PARA A LIVE TIRA-D\u00daVIDAS: VACINA\u00c7\u00c3O E NOVA FASE DA PANDEMIA"},"content":{"rendered":"\n<p>A Universidade Federal de Santa Maria(UFSM)\/Coordenadoria de A\u00e7\u00f5es Educacionais(CAEd) soma-se \u00e0 divulga\u00e7\u00e3o de evento sobre a pandemia e a vacina\u00e7\u00e3o.\u00a0<\/p>\n<p>Maiores informa\u00e7\u00f5es em<a href=\"https:\/\/www.ufsm.br\/2021\/04\/12\/ufsm-convida-para-a-live-tira-duvidas-vacinacao-e-nova-fase-da-pandemia\/\">\u00a0https:\/\/www.ufsm.br\/2021\/04\/12\/ufsm-convida-para-a-live-tira-duvidas-vacinacao-e-nova-fase-da-pandemia\/<\/a><\/p>\n","protected":false},"excerpt":{"rendered":"<p>A Universidade Federal de Santa Maria(UFSM)\/Coordenadoria de A\u00e7\u00f5es Educacionais(CAEd) soma-se \u00e0 divulga\u00e7\u00e3o de evento sobre a pandemia e a vacina\u00e7\u00e3o.\u00a0 Maiores informa\u00e7\u00f5es em\u00a0https:\/\/www.ufsm.br\/2021\/04\/12\/ufsm-convida-para-a-live-tira-duvidas-vacinacao-e-nova-fase-da-pandemia\/<\/p>\n","protected":false},"author":252,"featured_media":0,"comment_status":"closed","ping_status":"closed","sticky":false,"template":"","format":"standard","meta":{"footnotes":""},"categories":[1],"tags":[],"class_list":["post-4033","post","type-post","status-publish","format-standard","hentry","category-sem-categoria"],"acf":[],"_links":{"self":[{"href":"https:\/\/www.ufsm.br\/pro-reitorias\/prograd\/caed\/wp-json\/wp\/v2\/posts\/4033","targetHints":{"allow":["GET"]}}],"collection":[{"href":"https:\/\/www.ufsm.br\/pro-reitorias\/prograd\/caed\/wp-json\/wp\/v2\/posts"}],"about":[{"href":"https:\/\/www.ufsm.br\/pro-reitorias\/prograd\/caed\/wp-json\/wp\/v2\/types\/post"}],"author":[{"embeddable":true,"href":"https:\/\/www.ufsm.br\/pro-reitorias\/prograd\/caed\/wp-json\/wp\/v2\/users\/252"}],"replies":[{"embeddable":true,"href":"https:\/\/www.ufsm.br\/pro-reitorias\/prograd\/caed\/wp-json\/wp\/v2\/comments?post=4033"}],"version-history":[{"count":0,"href":"https:\/\/www.ufsm.br\/pro-reitorias\/prograd\/caed\/wp-json\/wp\/v2\/posts\/4033\/revisions"}],"wp:attachment":[{"href":"https:\/\/www.ufsm.br\/pro-reitorias\/prograd\/caed\/wp-json\/wp\/v2\/media?parent=4033"}],"wp:term":[{"taxonomy":"category","embeddable":true,"href":"https:\/\/www.ufsm.br\/pro-reitorias\/prograd\/caed\/wp-json\/wp\/v2\/categories?post=4033"},{"taxonomy":"post_tag","embeddable":true,"href":"https:\/\/www.ufsm.br\/pro-reitorias\/prograd\/caed\/wp-json\/wp\/v2\/tags?post=4033"}],"curies":[{"name":"wp","href":"https:\/\/api.w.org\/{rel}","templated":true}]}}