{"id":4035,"date":"2021-04-15T00:23:33","date_gmt":"2021-04-15T03:23:33","guid":{"rendered":"https:\/\/www.ufsm.br\/orgaos-executivos\/caed\/?p=4035"},"modified":"2021-04-15T00:26:44","modified_gmt":"2021-04-15T03:26:44","slug":"entrevista-ao-programa-profissao-reporter","status":"publish","type":"post","link":"https:\/\/www.ufsm.br\/pro-reitorias\/prograd\/caed\/2021\/04\/15\/entrevista-ao-programa-profissao-reporter","title":{"rendered":"ENTREVISTA AO PROGRAMA PROFISS\u00c3O REP\u00d3RTER &#8211; PROF. DR. VITOR CRESTANI CALEGARO"},"content":{"rendered":"\n<p>A Universidade Federal de Santa Maria(UFSM)\/Coordenadoria de A\u00e7\u00f5es Educacionais(CAEd) divulga entrevista com o m\u00e9dico psiquiatra da CAEd, Prof. Dr. Vitor Crestani Calegaro, ao programa Profiss\u00e3o Rep\u00f3rter, veiculado pela Rede Globo na data de 13 de abril de 2021.\u00a0<\/p>\n<p>A entrevista pode ser conferida no link a seguir, a partir dos 32&#8217;48&#8221;: <a href=\"https:\/\/globoplay.globo.com\/v\/9434374\">https:\/\/globoplay.globo.com\/v\/9434374<\/a><\/p>\n","protected":false},"excerpt":{"rendered":"<p>A Universidade Federal de Santa Maria(UFSM)\/Coordenadoria de A\u00e7\u00f5es Educacionais(CAEd) divulga entrevista com o m\u00e9dico psiquiatra da CAEd, Prof. Dr. Vitor Crestani Calegaro, ao programa Profiss\u00e3o Rep\u00f3rter, veiculado pela Rede Globo na data de 13 de abril de 2021.\u00a0 A entrevista pode ser conferida no link a seguir, a partir dos 32&#8217;48&#8221;: https:\/\/globoplay.globo.com\/v\/9434374<\/p>\n","protected":false},"author":252,"featured_media":0,"comment_status":"closed","ping_status":"closed","sticky":false,"template":"","format":"standard","meta":{"footnotes":""},"categories":[1],"tags":[],"class_list":["post-4035","post","type-post","status-publish","format-standard","hentry","category-sem-categoria"],"acf":[],"_links":{"self":[{"href":"https:\/\/www.ufsm.br\/pro-reitorias\/prograd\/caed\/wp-json\/wp\/v2\/posts\/4035","targetHints":{"allow":["GET"]}}],"collection":[{"href":"https:\/\/www.ufsm.br\/pro-reitorias\/prograd\/caed\/wp-json\/wp\/v2\/posts"}],"about":[{"href":"https:\/\/www.ufsm.br\/pro-reitorias\/prograd\/caed\/wp-json\/wp\/v2\/types\/post"}],"author":[{"embeddable":true,"href":"https:\/\/www.ufsm.br\/pro-reitorias\/prograd\/caed\/wp-json\/wp\/v2\/users\/252"}],"replies":[{"embeddable":true,"href":"https:\/\/www.ufsm.br\/pro-reitorias\/prograd\/caed\/wp-json\/wp\/v2\/comments?post=4035"}],"version-history":[{"count":0,"href":"https:\/\/www.ufsm.br\/pro-reitorias\/prograd\/caed\/wp-json\/wp\/v2\/posts\/4035\/revisions"}],"wp:attachment":[{"href":"https:\/\/www.ufsm.br\/pro-reitorias\/prograd\/caed\/wp-json\/wp\/v2\/media?parent=4035"}],"wp:term":[{"taxonomy":"category","embeddable":true,"href":"https:\/\/www.ufsm.br\/pro-reitorias\/prograd\/caed\/wp-json\/wp\/v2\/categories?post=4035"},{"taxonomy":"post_tag","embeddable":true,"href":"https:\/\/www.ufsm.br\/pro-reitorias\/prograd\/caed\/wp-json\/wp\/v2\/tags?post=4035"}],"curies":[{"name":"wp","href":"https:\/\/api.w.org\/{rel}","templated":true}]}}