{"id":4051,"date":"2021-04-16T22:34:31","date_gmt":"2021-04-17T01:34:31","guid":{"rendered":"https:\/\/www.ufsm.br\/orgaos-executivos\/caed\/?p=4051"},"modified":"2021-04-17T01:18:21","modified_gmt":"2021-04-17T04:18:21","slug":"monitoramento-da-evolucao-da-sintomatologia-pos-traumatica-depressao-e-ansiedade-durante-a-pandemia-de-covid-19-em-brasileiros-pesquisa-covidpsiq","status":"publish","type":"post","link":"https:\/\/www.ufsm.br\/pro-reitorias\/prograd\/caed\/2021\/04\/16\/monitoramento-da-evolucao-da-sintomatologia-pos-traumatica-depressao-e-ansiedade-durante-a-pandemia-de-covid-19-em-brasileiros-pesquisa-covidpsiq","title":{"rendered":"MONITORAMENTO DA EVOLU\u00c7\u00c3O DA SINTOMATOLOGIA P\u00d3S-TRAUM\u00c1TICA, DEPRESS\u00c3O E ANSIEDADE DURANTE A PANDEMIA DE COVID-19 EM BRASILEIROS &#8211; PESQUISA COVIDPsiq"},"content":{"rendered":"\n<div class=\"row\">\n<div class=\"span12\"><span id=\"OutFieldTag_vrXBXhgSU7cQjyD6_label\" class=\"label\">T\u00edtulo: <\/span><strong><span id=\"OutFieldTag_vrXBXhgSU7cQjyD6\" class=\"\" aria-labelledby=\"OutFieldTag_vrXBXhgSU7cQjyD6_label\">Monitoramento da evolu\u00e7\u00e3o da sintomatologia p\u00f3s-traum\u00e1tica, depress\u00e3o e ansiedade durante a pandemia de COVID-19 em brasileiros &#8211; Pesquisa COVIDPsiq<\/span><\/strong><\/div>\n<div><span id=\"OutFieldTag_FhcX7yCexbLNvUWO_label\" class=\"label\">N\u00famero do projeto: <\/span><span id=\"OutFieldTag_FhcX7yCexbLNvUWO\" class=\"\" aria-labelledby=\"OutFieldTag_FhcX7yCexbLNvUWO_label\">053991<\/span><\/div>\n<\/div>\n<div class=\"row\">\n<div class=\"span6\"><span id=\"LabelTag_d20oI3mWrilaB24U\" class=\"label\">N\u00famero do processo: <\/span><a class=\"detalhesDocumento link\" title=\"Detalhes da tramita\u00e7\u00e3o\" data-id=\"13027446\"><span class=\"\">23081.019155\/2020-14<\/span><\/a><\/div>\n<div><span id=\"OutFieldTag_abHgt81JYrJLVgcB_label\" class=\"label\">Classifica\u00e7\u00e3o principal: <\/span><span id=\"OutFieldTag_abHgt81JYrJLVgcB\" class=\"\" aria-labelledby=\"OutFieldTag_abHgt81JYrJLVgcB_label\">Pesquisa<\/span><\/div>\n<\/div>\n<div class=\"row\">\n<div>Resumo<\/div>\n<\/div>\n<div class=\"row\">\n<div class=\"span12\"><span id=\"OutFieldTag_WBTBdxtf4JWWSJ7F\" class=\"\" aria-labelledby=\"OutFieldTag_WBTBdxtf4JWWSJ7F_label\">Tendo em vista a evolu\u00e7\u00e3o da pandemia pelo COVID-19 no Brasil, e a ado\u00e7\u00e3o de medidas de restri\u00e7\u00e3o social, \u00e9 esperado um aumento dos casos de transtorno de estresse p\u00f3s-traum\u00e1tico (TEPT), transtornos de ansiedade e depress\u00e3o. Em situa\u00e7\u00f5es de epidemia, os servi\u00e7os de sa\u00fade mental podem se tornar sobrecarregados, contudo n\u00e3o se sabe qual a evolu\u00e7\u00e3o desses transtornos ao longo do tempo. Este estudo objetiva monitorar a evolu\u00e7\u00e3o dos sintomas de TEPT, ansiedade e depress\u00e3o durante a pandemia de COVID-19, em brasileiros, e investigar fatores de risco sociodemogr\u00e1ficos, relativos \u00e0 hist\u00f3ria psiqui\u00e1trica e cont\u00e1gio, assim como tra\u00e7os maladaptativos da personalidade e crescimento p\u00f3s-traum\u00e1tico. Ser\u00e1 um estudo longitudinal, realizado atrav\u00e9s de question\u00e1rios online, com uma amostra de conveni\u00eancia n\u00e3o-probabil\u00edstica. Os crit\u00e9rios de inclus\u00e3o s\u00e3o: ser brasileiro nato, ou residir no territ\u00f3rio brasileiro; ter mais de 18 anos; ter acesso a dispositivos digitais; e ser alfabetizado. Espera-se uma amostra de, no m\u00ednimo, 2000 pessoas. Os instrumentos aplicados s\u00e3o um question\u00e1rio de pesquisa, o Posttraumatic Checklist 5 (PCL-5), a Depression, Anxiety and Stress Scale (DASS-21), o Invent\u00e1rio de Personalidade para o DSM-5 \u2013 forma breve (PID-5-BF), e o Invent\u00e1rio de Crescimento P\u00f3s-Traum\u00e1tico (PTGI). O estudo ser\u00e1 realizado em quatro etapas: entrada, um m\u00eas, tr\u00eas meses, e seis meses ap\u00f3s. O estudo conta com participa\u00e7\u00e3o volunt\u00e1ria, com a concord\u00e2ncia atrav\u00e9s do Termo de Consentimento Livre e Esclarecido. A coleta dos dados ser\u00e1 realizada em 2020, e o estudo ser\u00e1 concluido em 2021. Ser\u00e1 financiado com recursos pr\u00f3prios, e buscar-se-\u00e1 incentivo atrav\u00e9s dos \u00f3rg\u00e3os de fomento \u00e0 pesquisa.<\/span><\/div>\n<\/div>\n<div class=\"row\">\n<div class=\"span12\"><span id=\"OutFieldTag_5Mgv9A4aaBnqvsX2_label\" class=\"label\">Objetivos<\/span><br \/><span id=\"OutFieldTag_5Mgv9A4aaBnqvsX2\" class=\"\" aria-labelledby=\"OutFieldTag_5Mgv9A4aaBnqvsX2_label\">Objetivo geral Monitorar a evolu\u00e7\u00e3o da sintomatologia de TEPT, depress\u00e3o e ansiedade numa amostra de brasileiros, durante a pandemia de COVID-19, e identificar fatores de risco sociodemogr\u00e1ficos e relacionados aos tra\u00e7os maladaptativos da personalidade. Objetivos espec\u00edficos \u2022 Identificar padr\u00f5es de evolu\u00e7\u00e3o (trajet\u00f3rias) de sintomas de TEPT; \u2022 Documentar e relatar em tempo real a preval\u00eancia amostral e gravidade dos sintomas de TEPT no in\u00edcio, durante, e no decl\u00ednio da pandemia; \u2022 Verificar fatores de risco sociodemogr\u00e1ficos e relacionados aos tra\u00e7os maladaptativos da personalidade associados \u00e0s trajet\u00f3rias de sintomas de TEPT; \u2022 Verificar a estabilidade dos tra\u00e7os maladaptativos da personalidade durante a pandemia, ou seja, comprovar que tais tra\u00e7os permanecem est\u00e1veis mesmo durante acontecimentos da vida, ou n\u00e3o; \u2022 Relacionar a sintomatologia com vari\u00e1veis atribu\u00eddas \u00e0 exposi\u00e7\u00e3o ao COVID19, como contato com casos, ter contra\u00eddo a doen\u00e7a, estar em regi\u00f5es da alta incid\u00eancia, estar em quarentena\/isolamento social e demais; \u2022 Comparar sintomas apresentados por profissionais que n\u00e3o puderam entrar em quarentena durante o per\u00edodo indicado (profissionais de \u00e1reas essenciais, como da sa\u00fade, limpeza, setor aliment\u00edcio, setor de entregas, etc), com indiv\u00edduos que ficaram em quarentena; \u2022 Relacionar crescimento p\u00f3s-traum\u00e1tico \u00e0s trajet\u00f3rias de TEPT e tra\u00e7os de personalidade.<\/span><\/div>\n<\/div>\n<div class=\"row\">\n<div class=\"span12\"><span id=\"OutFieldTag_VmpvHzZOUn3kYA3n_label\" class=\"label\">Justificativa:<\/span><br \/><span id=\"OutFieldTag_VmpvHzZOUn3kYA3n\" class=\"\" aria-labelledby=\"OutFieldTag_VmpvHzZOUn3kYA3n_label\">O n\u00famero de casos de COVID-19 no Brasil est\u00e1 crescendo de forma alarmante e as medidas de conten\u00e7\u00e3o da dissemina\u00e7\u00e3o do v\u00edrus j\u00e1 foram impostas em grande parte do pa\u00eds. Espera-se um aumento dos transtornos mentais, principalmente o TEPT, que \u00e9 comumente associado a outros transtornos, e pode levar ao comportamento suicida, al\u00e9m de causar um grande impacto socioecon\u00f4mico e para a qualidade de vida.(SHIGEMURA et al., 2020) Dado o atual cen\u00e1rio de pandemia pelo SARS-CoV-2 (severe acute respiratory syndrome virus 2), agente etiol\u00f3gico da COVID-19, bem como medidas de conten\u00e7\u00e3o epidemiol\u00f3gica como a quarentena e o isolamento social, \u00e9 fundamental documentar e avaliar poss\u00edveis repercuss\u00f5es ps\u00edquicas. Para isso, busca-se registrar tais repercuss\u00f5es na maior quantidade de pessoas poss\u00edvel, de forma segura e acess\u00edvel. O monitoramento do adoecimento ps\u00edquico possibilitar\u00e1 a identifica\u00e7\u00e3o da demanda por servi\u00e7os de sa\u00fade mental em tempo real. As informa\u00e7\u00f5es da pesquisa fornecer\u00e3o subs\u00eddios para o planejamento e execu\u00e7\u00e3o de interven\u00e7\u00f5es. O estudo dos fatores de risco sociodemogr\u00e1ficos poder\u00e3o identificar pessoas mais vulner\u00e1veis ao adoecimento ps\u00edquico, para a cria\u00e7\u00e3o de a\u00e7\u00f5es direcionadas aos grupos de maior risco. O estudo dos tra\u00e7os de personalidade associados ao risco trar\u00e1 benef\u00edcios a longo prazo, ao identificar indiv\u00edduos com maior probabilidade de adoecimento ps\u00edquico, auxiliando no planejamento de interven\u00e7\u00f5es de refor\u00e7o da resili\u00eancia, em escolas, universidades, e em empresas, por exemplo.<\/span><\/div>\n<\/div>\n<div class=\"row\">\n<div class=\"span12\"><span id=\"OutFieldTag_6E6FOePaiPQ4txyG_label\" class=\"label\">Resultados esperados:<\/span><br \/><span id=\"OutFieldTag_6E6FOePaiPQ4txyG\" class=\"\" aria-labelledby=\"OutFieldTag_6E6FOePaiPQ4txyG_label\">Espera-se demonstrar que existem pelo menos quatro trajet\u00f3rias de sintomas de TEPT, depress\u00e3o e ansiedade: pouco sintom\u00e1tica, recupera\u00e7\u00e3o r\u00e1pida de sintomas, aumento gradual, cr\u00f4nico e grave desde o in\u00edcio. Espera-se encontrar fatores de risco associados a vari\u00e1veis sociodemogr\u00e1ficas, relativas \u00e0 infec\u00e7\u00e3o, e tra\u00e7os maladaptativos de personalidade. Espera-se que as trajet\u00f3rias menos sintom\u00e1ticas estejam associadas a menor disfun\u00e7\u00e3o da personalidade e ao crescimento p\u00f3s-traum\u00e1tico, 6 meses ap\u00f3s o in\u00edcio do estudo.<\/span><\/div>\n<\/div>\n<div class=\"row\">\n<div class=\"span3\"><span id=\"OutFieldTag_T7A2t8ZqoDcvE18w_label\" class=\"label\">Palavra-chave 1: <\/span><span id=\"OutFieldTag_T7A2t8ZqoDcvE18w\" class=\"\" aria-labelledby=\"OutFieldTag_T7A2t8ZqoDcvE18w_label\">Pandemias<\/span><\/div>\n<div class=\"span3\"><span id=\"OutFieldTag_Hfrrfz1PDwiwhPaH_label\" class=\"label\">Palavra-chave 2: <\/span><span id=\"OutFieldTag_Hfrrfz1PDwiwhPaH\" class=\"\" aria-labelledby=\"OutFieldTag_Hfrrfz1PDwiwhPaH_label\">Depress\u00e3o<\/span><\/div>\n<div class=\"span3\"><span id=\"OutFieldTag_8MSDIYqqpAzH5ddI_label\" class=\"label\">Palavra-chave 3: <\/span><span id=\"OutFieldTag_8MSDIYqqpAzH5ddI\" class=\"\" aria-labelledby=\"OutFieldTag_8MSDIYqqpAzH5ddI_label\">Estresse psicol\u00f3gico<\/span><\/div>\n<div class=\"span3\"><span id=\"OutFieldTag_0Io3deUOTGDwrnbF_label\" class=\"label\">Palavra-chave 4: <\/span><span id=\"OutFieldTag_0Io3deUOTGDwrnbF\" class=\"\" aria-labelledby=\"OutFieldTag_0Io3deUOTGDwrnbF_label\">Transtornos de Ansiedade.<\/span><\/div>\n<\/div>\n<div class=\"row\">\n<div class=\"span3\">\u00a0<\/div>\n<\/div>\n","protected":false},"excerpt":{"rendered":"<p>T\u00edtulo: Monitoramento da evolu\u00e7\u00e3o da sintomatologia p\u00f3s-traum\u00e1tica, depress\u00e3o e ansiedade durante a pandemia de COVID-19 em brasileiros &#8211; Pesquisa COVIDPsiq N\u00famero do projeto: 053991 N\u00famero do processo: 23081.019155\/2020-14 Classifica\u00e7\u00e3o principal: Pesquisa Resumo Tendo em vista a evolu\u00e7\u00e3o da pandemia pelo COVID-19 no Brasil, e a ado\u00e7\u00e3o de medidas de restri\u00e7\u00e3o social, \u00e9 esperado um aumento [&hellip;]<\/p>\n","protected":false},"author":252,"featured_media":0,"comment_status":"closed","ping_status":"closed","sticky":false,"template":"","format":"standard","meta":{"footnotes":""},"categories":[1],"tags":[],"class_list":["post-4051","post","type-post","status-publish","format-standard","hentry","category-sem-categoria"],"acf":[],"_links":{"self":[{"href":"https:\/\/www.ufsm.br\/pro-reitorias\/prograd\/caed\/wp-json\/wp\/v2\/posts\/4051","targetHints":{"allow":["GET"]}}],"collection":[{"href":"https:\/\/www.ufsm.br\/pro-reitorias\/prograd\/caed\/wp-json\/wp\/v2\/posts"}],"about":[{"href":"https:\/\/www.ufsm.br\/pro-reitorias\/prograd\/caed\/wp-json\/wp\/v2\/types\/post"}],"author":[{"embeddable":true,"href":"https:\/\/www.ufsm.br\/pro-reitorias\/prograd\/caed\/wp-json\/wp\/v2\/users\/252"}],"replies":[{"embeddable":true,"href":"https:\/\/www.ufsm.br\/pro-reitorias\/prograd\/caed\/wp-json\/wp\/v2\/comments?post=4051"}],"version-history":[{"count":0,"href":"https:\/\/www.ufsm.br\/pro-reitorias\/prograd\/caed\/wp-json\/wp\/v2\/posts\/4051\/revisions"}],"wp:attachment":[{"href":"https:\/\/www.ufsm.br\/pro-reitorias\/prograd\/caed\/wp-json\/wp\/v2\/media?parent=4051"}],"wp:term":[{"taxonomy":"category","embeddable":true,"href":"https:\/\/www.ufsm.br\/pro-reitorias\/prograd\/caed\/wp-json\/wp\/v2\/categories?post=4051"},{"taxonomy":"post_tag","embeddable":true,"href":"https:\/\/www.ufsm.br\/pro-reitorias\/prograd\/caed\/wp-json\/wp\/v2\/tags?post=4051"}],"curies":[{"name":"wp","href":"https:\/\/api.w.org\/{rel}","templated":true}]}}