{"id":4052,"date":"2021-04-16T22:38:27","date_gmt":"2021-04-17T01:38:27","guid":{"rendered":"https:\/\/www.ufsm.br\/orgaos-executivos\/caed\/?p=4052"},"modified":"2021-04-17T01:16:06","modified_gmt":"2021-04-17T04:16:06","slug":"psicoeducacao-e-primeiros-cuidados-psicologicos-como-estrategias-de-prevencao-e-promocao-da-saude-durante-a-pandemia-de-covid-19-extensao-covidpsiq","status":"publish","type":"post","link":"https:\/\/www.ufsm.br\/pro-reitorias\/prograd\/caed\/2021\/04\/16\/psicoeducacao-e-primeiros-cuidados-psicologicos-como-estrategias-de-prevencao-e-promocao-da-saude-durante-a-pandemia-de-covid-19-extensao-covidpsiq","title":{"rendered":"PSICOEDUCA\u00c7\u00c3O E PRIMEIROS CUIDADOS PSICOL\u00d3GICOS COMO ESTRAT\u00c9GIAS DE PREVEN\u00c7\u00c3O E PROMO\u00c7\u00c3O DA SA\u00daDE DURANTE A PANDEMIA DE COVID-19 &#8211; Extens\u00e3o COVIDPsiq"},"content":{"rendered":"\n<div class=\"row\">\n<div class=\"span12\"><span id=\"OutFieldTag_aDKERZY5Jclq8EdI_label\" class=\"label\">T\u00edtulo: <\/span><strong><span id=\"OutFieldTag_aDKERZY5Jclq8EdI\" class=\"\" aria-labelledby=\"OutFieldTag_aDKERZY5Jclq8EdI_label\">Psicoeduca\u00e7\u00e3o e primeiros cuidados psicol\u00f3gicos como estrat\u00e9gias de preven\u00e7\u00e3o e promo\u00e7\u00e3o da sa\u00fade durante a pandemia de covid-19 &#8211; Extens\u00e3o COVIDPsiq<\/span><\/strong><\/div>\n<div><span id=\"OutFieldTag_mmVJ5XEUf7sKPLhd_label\" class=\"label\">N\u00famero do projeto: <\/span><span id=\"OutFieldTag_mmVJ5XEUf7sKPLhd\" class=\"\" aria-labelledby=\"OutFieldTag_mmVJ5XEUf7sKPLhd_label\">054563<\/span><\/div>\n<\/div>\n<div class=\"row\">\n<div class=\"span6\"><span id=\"LabelTag_rZA2RfL8uEfurdE5\" class=\"label\">N\u00famero do processo: <\/span><a class=\"detalhesDocumento link\" title=\"Detalhes da tramita\u00e7\u00e3o\" data-id=\"13127911\"><span class=\"\">23081.025399\/2020-36<\/span><\/a><\/div>\n<div><span id=\"OutFieldTag_covBd1mNu7U9csc4_label\" class=\"label\">Classifica\u00e7\u00e3o principal: <\/span><span id=\"OutFieldTag_covBd1mNu7U9csc4\" class=\"\" aria-labelledby=\"OutFieldTag_covBd1mNu7U9csc4_label\">Extens\u00e3o<\/span><\/div>\n<\/div>\n<div class=\"row\">\n<div>Resumo<\/div>\n<\/div>\n<div class=\"row\">\n<div class=\"span12\"><span id=\"OutFieldTag_IcIdq3sVeCRaYm2L\" class=\"\" aria-labelledby=\"OutFieldTag_IcIdq3sVeCRaYm2L_label\">A pesquisa COVIDPsiq, que busca monitorar a evolu\u00e7\u00e3o de sintomas emocio-nais em brasileiros durante a pandemia de COVID-19, vem mostrando que as pessoas pioraram a sa\u00fade mental. S\u00e3o diversos fatores relacionados a isso, entre eles: distanciamento social, interrup\u00e7\u00e3o de atividades, problemas socioe-con\u00f4micos, possibilidade de cont\u00e1gio e viol\u00eancia dom\u00e9stica. Adicionalmente, descontinua\u00e7\u00e3o de tratamentos em sa\u00fade mental devido ao fechamento de servi\u00e7os agravam ainda mais o problema. A pesquisa identificou participantes com depress\u00e3o grave sem atendimento psicol\u00f3gico ou psiqui\u00e1trico. Assim, ini-ciativas de preven\u00e7\u00e3o e promo\u00e7\u00e3o da sa\u00fade mental tornam-se urgentes. Este projeto complementa a pesquisa COVIDPsiq e possui os objetivos: (1) realizar psicoeduca\u00e7\u00e3o para a popula\u00e7\u00e3o geral a partir dos resultados gerados; (2) ofer-tar atendimentos em Primeiros Cuidados Psicol\u00f3gicos (PCPs) para os partici-pantes que entrarem em contato com os pesquisadores; e (3), capacitar equipes de profissionais da sa\u00fade em PCPs. A psicoeduca\u00e7\u00e3o \u00e9 uma forma de inter-ven\u00e7\u00e3o individual ou de grupo, com a finalidade de ensinar ao paciente sobre a patologia e seu tratamento. Os PCPs s\u00e3o um conjunto de ferramentas de supor-te emocional que visam o manejo inicial dos casos, recomenda\u00e7\u00f5es em sa\u00fade mental e encaminhamento \u00e0s equipes multiprofissionais para tratamento. A psicoeduca\u00e7\u00e3o ser\u00e1 ofertada semanalmente atrav\u00e9s de lives nos canais de streaming da COVIDPsiq. Os PCPs ser\u00e3o ofertados por m\u00e9dicos e psic\u00f3logos graduados via teleatendimento, ap\u00f3s treinamento pr\u00e9vio. As capacita\u00e7\u00f5es ser\u00e3o organizadas junto \u00e0s Secretarias Municipais de Sa\u00fade, destinadas aos profis-sionais da \u00e1rea da sa\u00fade, sendo executadas \u00e0 dist\u00e2ncia. Estima-se que o proje-to alcance um p\u00fablico mensal de 500 a 1000 pessoas. Espera-se que este pro-grama possa minimizar as consequ\u00eancias atuais e futuras da atual pandemia para a sa\u00fade mental da popula\u00e7\u00e3o, e sobretudo dos participantes da pesquisa.<\/span><\/div>\n<\/div>\n<div class=\"row\">\n<div class=\"span12\"><span id=\"OutFieldTag_CkmhpZXMSni3jmG1_label\" class=\"label\">Objetivos<\/span><br \/><span id=\"OutFieldTag_CkmhpZXMSni3jmG1\" class=\"\" aria-labelledby=\"OutFieldTag_CkmhpZXMSni3jmG1_label\">OBJETIVO GERAL Difundir o conhecimento gerado a partir da pesquisa COVIDPsiq para a popula\u00e7\u00e3o geral, desenvolvendo oportunidades de esclarecimento, aprendizagem, preven\u00e7\u00e3o de agravos e promo\u00e7\u00e3o da sa\u00fade mental, com enfoque na pandemia de COVID-19 e no isolamento social. OBJETIVOS ESPEC\u00cdFICOS I. Promover a\u00e7\u00f5es psicoeducativas em ambiente virtual, que incluem eventos semanais (palestras, mesas-redondas, encontros, etc.) abertos \u00e0 comunidade, e divulga\u00e7\u00e3o de material audiovisual, com foco na Psicoeduca\u00e7\u00e3o, com temas de relev\u00e2ncia identificada pela pesquisa COVIDPsiq, estimulando o autocuidado e estrat\u00e9gias saud\u00e1veis para o enfrentamento das adversidades em meio \u00e0 pandemia; II. Realizar a\u00e7\u00f5es assistenciais atrav\u00e9s da abordagem dos Primeiros Cuidados Psicol\u00f3gicos (PCPs) para os participantes da pesquisa em sofrimento que n\u00e3o est\u00e3o sob tratamento, por meio de teleconsultas, visando o encaminhamento para profissionais da sa\u00fade mental, quando necess\u00e1rio, e a desmistifica\u00e7\u00e3o dos estigmas atrelados aos transtornos mentais; III. Proporcionar a\u00e7\u00f5es de ensino para o p\u00fablico externo \u00e0 universidade, com foco em multiplicadores de cuidados de sa\u00fade mental (principalmente profissionais da \u00e1rea da sa\u00fade) a fim de capacitar equipes para a aplica\u00e7\u00e3o pr\u00e1tica dos PCPs, por meio de cursos \u00e0 dist\u00e2ncia.<\/span><\/div>\n<\/div>\n<div class=\"row\">\n<div class=\"span12\"><span id=\"OutFieldTag_yLU1RFjx3n0EjXJi_label\" class=\"label\">Justificativa<\/span><br \/><span id=\"OutFieldTag_yLU1RFjx3n0EjXJi\" class=\"\" aria-labelledby=\"OutFieldTag_yLU1RFjx3n0EjXJi_label\">O aumento na incid\u00eancia de transtornos mentais e o agravamento de transtornos j\u00e1 estabelecidos, junto \u00e0 redu\u00e7\u00e3o da capacidade de atendimento, demonstra uma necessidade imediata de aumentar a oferta de a\u00e7\u00f5es de pre-ven\u00e7\u00e3o (prim\u00e1ria ou secund\u00e1ria) e promo\u00e7\u00e3o da sa\u00fade mental na popula\u00e7\u00e3o. Al\u00e9m disso, considerando a crise econ\u00f4mica concomitante \u00e0 crise sanit\u00e1ria, a proposta do projeto possibilita uma grande abrang\u00eancia de p\u00fablico, beneficiado direta ou indiretamente, contribuindo para a ader\u00eancia aos tratamentos, e en-caminhamentos adequados para servi\u00e7os indicados. Ao lado do patol\u00f3gico, a ansiedade de doen\u00e7a decorrente do medo de cont\u00e1gio em si pr\u00f3prio e a outros, que dentro do contexto da pandemia \u00e9 bas-tante esperado, pode causar perturba\u00e7\u00f5es significativas, como o isolamento demasiado, sentimentos de raiva, ins\u00f4nia e fadiga.(ORNELL et al., 2020) Um dado interessante da primeira fase da COVIDPsiq foi que a apresenta\u00e7\u00e3o de sintomas gripais foi associada com sintomas de estresse, ansiedade, depress\u00e3o e alcoolismo, mas a suspeita ou confirma\u00e7\u00e3o de COVID-19, n\u00e3o.(CALEGARO et al., 2020) Cabe destacar que pouco mais da metade da amostra havia apre-sentado algum sintoma gripal. Essa informa\u00e7\u00e3o demonstra que a ansiedade de doen\u00e7a \u00e9 fonte de ang\u00fastia, que por sua vez, pode levantar diversas d\u00favidas sobre o que \u00e9 considerado normal e patol\u00f3gico, e acarretar preju\u00edzos para o bem-estar. Assim, abordagens psicoeducativas podem trazer benef\u00edcios ao di-rimir d\u00favidas frequentes e ao reduzir a ansiedade por meio de recomenda\u00e7\u00f5es simples que podem ser ensinadas para qualquer pessoal, como higiene do so-no, por exemplo. Outro ponto a considerar \u00e9 que a pesquisa COVIDPsiq tem o compromis-so, em rela\u00e7\u00e3o ao Comit\u00ea Nacional de \u00c9tica em Pesquisa (CONEP; CAAE 30420620.5.0000.5346), de socializar os resultados, ou seja, devolver para a sociedade os frutos do conhecimento gerado. Isso est\u00e1 sendo feito a cada fase do estudo (s\u00e3o quatro fases ao todo), mediante relat\u00f3rios t\u00e9cnicos, que s\u00e3o vei-culados pela m\u00eddia.(REBELLATO, 2020) Entretanto, percebe-se que o conhe-cimento gerado n\u00e3o deve se limitar aos relat\u00f3rios, pois a divulga\u00e7\u00e3o dos resul-tados pode trazer benef\u00edcios diretos \u00e0 popula\u00e7\u00e3o, a partir do aprofundamento da interpreta\u00e7\u00e3o dos mesmo por pesquisadores renomados na \u00e1rea. No contexto da pandemia, as transmiss\u00f5es ao vivo atrav\u00e9s de plataformas de streaming (co-nhecidas como lives), atualmente constituem dispositivos poss\u00edveis para a Psi-coeduca\u00e7\u00e3o, compartilhamento de informa\u00e7\u00f5es cient\u00edficas e intera\u00e7\u00e3o social. Plataformas como Youtube, Facebook e Instagram despontam como ambientes agregadores amenizando o distanciamento f\u00edsico, mantendo o p\u00fablico em con-tato a partir de um tema central. Por fim, com o andamento da pesquisa COVIDPsiq, diversas institui\u00e7\u00f5es v\u00eam procurando os pesquisadores, a fim de buscar colabora\u00e7\u00f5es que n\u00e3o se limitam \u00e0 pesquisa. \u00c9 o caso da Prefeitura Municipal de Santa Maria, por meio da Secretaria Municipal de Sa\u00fade, que expandir\u00e1 a aplica\u00e7\u00e3o da pesquisa para o p\u00fablico alcan\u00e7ado pela rede de Aten\u00e7\u00e3o B\u00e1sica. Como contrapartida, os pes-quisadores propuseram-se a capacitar profissionais da \u00e1rea da sa\u00fade em Pri-meiros Cuidados Psicol\u00f3gicos, a fim de formar multiplicadores em sa\u00fade men-tal. A a\u00e7\u00e3o se justifica pois no contexto de muita dificuldade para o atendimento psicol\u00f3gico e psiqui\u00e1trico presencial, e aumento de demanda, torna-se impor-tante ampliar a resolutividade da Aten\u00e7\u00e3o B\u00e1sica para as demandas de menor complexidade em sa\u00fade mental. Estas muitas vezes s\u00e3o crises emocionais, que podem ser manejadas por PCPs, t\u00e9cnica esta que pode ser aplicada por qual-quer profissional da sa\u00fade. Este \u00e9 um exemplo de articula\u00e7\u00e3o que est\u00e1 sendo realizada e salienta a import\u00e2ncia da atua\u00e7\u00e3o \u201cextramuros\u201d da universidade, socializando o conhecimento gerado no interior da mesma. Outros exemplos de demandas que chegaram at\u00e9 os pesquisadores, e que refor\u00e7am este papel, fo-ram os contatos realizados por profissionais do Centro dos Professores do Es-tado do Rio Grande do Sul (CPERS), Defensoria P\u00fablica do Estado do Rio Grande do Sul, Universidade Federal do Par\u00e1 e a mineradora Vale, em busca de parcerias em pesquisa e extens\u00e3o. Concluindo, o presente projeto torna-se crucial para a viabiliza\u00e7\u00e3o das a\u00e7\u00f5es planejadas, fazendo com o que a experti-se e o conhecimento proporcionado pela pesquisa COVIDPsiq possa beneficiar um grande n\u00famero de pessoas.<\/span><\/div>\n<\/div>\n<div class=\"row\">\n<div class=\"span12\"><span id=\"OutFieldTag_ds01P0ZxQAni1elu_label\" class=\"label\">Resultados esperados<\/span><br \/><span id=\"OutFieldTag_ds01P0ZxQAni1elu\" class=\"\" aria-labelledby=\"OutFieldTag_ds01P0ZxQAni1elu_label\">Espera-se que o projeto possa abranger um p\u00fablico mensal de 500 a 1000 pessoas, incluindo todas as a\u00e7\u00f5es, e que possa reduzir sintomas, sobre-tudo de ansiedade, ins\u00f4nia, atrav\u00e9s da promo\u00e7\u00e3o de h\u00e1bitos saud\u00e1veis e de estrat\u00e9gias adaptativas de enfrentamento. Ainda, que o suporte psicol\u00f3gico ad-vindo da psicoeduca\u00e7\u00e3o e da teleorienta\u00e7\u00e3o, possa aumentar a consci\u00eancia dos indiv\u00edduos sobre a pr\u00f3pria sa\u00fade mental, e que recebam encaminhamento adequado para tratamento. Ainda, por meio das capacita\u00e7\u00f5es, de formar multi-plicadores de cuidados em sa\u00fade mental, contribuindo indiretamente para me-lhorar a sa\u00fade mental da popula\u00e7\u00e3o.<\/span><\/div>\n<\/div>\n<div class=\"row\">\n<div class=\"span6\"><span id=\"OutFieldTag_lgUDscJc268wjL2r_label\" class=\"label\">Projeto superior: <\/span><span id=\"OutFieldTag_lgUDscJc268wjL2r\" class=\"\" aria-labelledby=\"OutFieldTag_lgUDscJc268wjL2r_label\">053991 &#8211; Monitoramento da evolu\u00e7\u00e3o da sintomatologia p\u00f3s-traum\u00e1tica, depress\u00e3o e ansiedade durante a pandemia de COVID-19 em brasileiros &#8211; Pesquisa COVIDPsiq<\/span><\/div>\n<\/div>\n<div class=\"row\">\n<div class=\"span3\"><span id=\"OutFieldTag_WUNBBTQuobvVcN7S_label\" class=\"label\">Palavra-chave 1: <\/span><span id=\"OutFieldTag_WUNBBTQuobvVcN7S\" class=\"\" aria-labelledby=\"OutFieldTag_WUNBBTQuobvVcN7S_label\">Psicoeduca\u00e7\u00e3o<\/span><\/div>\n<div class=\"span3\"><span id=\"OutFieldTag_hpJUpi4GNv5PLcTv_label\" class=\"label\">Palavra-chave 2: <\/span><span id=\"OutFieldTag_hpJUpi4GNv5PLcTv\" class=\"\" aria-labelledby=\"OutFieldTag_hpJUpi4GNv5PLcTv_label\">Pandemias<\/span><\/div>\n<div class=\"span3\"><span id=\"OutFieldTag_igRUUIWhnjxEVDp8_label\" class=\"label\">Palavra-chave 3: <\/span><span id=\"OutFieldTag_igRUUIWhnjxEVDp8\" class=\"\" aria-labelledby=\"OutFieldTag_igRUUIWhnjxEVDp8_label\">Estresse psicol\u00f3gico<\/span><\/div>\n<div class=\"span3\"><span id=\"OutFieldTag_hf0sLDIbL0AHIWFt_label\" class=\"label\">Palavra-chave 4: <\/span><span id=\"OutFieldTag_hf0sLDIbL0AHIWFt\" class=\"\" aria-labelledby=\"OutFieldTag_hf0sLDIbL0AHIWFt_label\">Depress\u00e3o.<\/span><\/div>\n<\/div>\n","protected":false},"excerpt":{"rendered":"<p>T\u00edtulo: Psicoeduca\u00e7\u00e3o e primeiros cuidados psicol\u00f3gicos como estrat\u00e9gias de preven\u00e7\u00e3o e promo\u00e7\u00e3o da sa\u00fade durante a pandemia de covid-19 &#8211; Extens\u00e3o COVIDPsiq N\u00famero do projeto: 054563 N\u00famero do processo: 23081.025399\/2020-36 Classifica\u00e7\u00e3o principal: Extens\u00e3o Resumo A pesquisa COVIDPsiq, que busca monitorar a evolu\u00e7\u00e3o de sintomas emocio-nais em brasileiros durante a pandemia de COVID-19, vem mostrando que [&hellip;]<\/p>\n","protected":false},"author":252,"featured_media":0,"comment_status":"closed","ping_status":"closed","sticky":false,"template":"","format":"standard","meta":{"footnotes":""},"categories":[1],"tags":[],"class_list":["post-4052","post","type-post","status-publish","format-standard","hentry","category-sem-categoria"],"acf":[],"_links":{"self":[{"href":"https:\/\/www.ufsm.br\/pro-reitorias\/prograd\/caed\/wp-json\/wp\/v2\/posts\/4052","targetHints":{"allow":["GET"]}}],"collection":[{"href":"https:\/\/www.ufsm.br\/pro-reitorias\/prograd\/caed\/wp-json\/wp\/v2\/posts"}],"about":[{"href":"https:\/\/www.ufsm.br\/pro-reitorias\/prograd\/caed\/wp-json\/wp\/v2\/types\/post"}],"author":[{"embeddable":true,"href":"https:\/\/www.ufsm.br\/pro-reitorias\/prograd\/caed\/wp-json\/wp\/v2\/users\/252"}],"replies":[{"embeddable":true,"href":"https:\/\/www.ufsm.br\/pro-reitorias\/prograd\/caed\/wp-json\/wp\/v2\/comments?post=4052"}],"version-history":[{"count":0,"href":"https:\/\/www.ufsm.br\/pro-reitorias\/prograd\/caed\/wp-json\/wp\/v2\/posts\/4052\/revisions"}],"wp:attachment":[{"href":"https:\/\/www.ufsm.br\/pro-reitorias\/prograd\/caed\/wp-json\/wp\/v2\/media?parent=4052"}],"wp:term":[{"taxonomy":"category","embeddable":true,"href":"https:\/\/www.ufsm.br\/pro-reitorias\/prograd\/caed\/wp-json\/wp\/v2\/categories?post=4052"},{"taxonomy":"post_tag","embeddable":true,"href":"https:\/\/www.ufsm.br\/pro-reitorias\/prograd\/caed\/wp-json\/wp\/v2\/tags?post=4052"}],"curies":[{"name":"wp","href":"https:\/\/api.w.org\/{rel}","templated":true}]}}