{"id":4065,"date":"2021-04-17T00:39:42","date_gmt":"2021-04-17T03:39:42","guid":{"rendered":"https:\/\/www.ufsm.br\/orgaos-executivos\/caed\/?p=4065"},"modified":"2021-04-17T01:12:27","modified_gmt":"2021-04-17T04:12:27","slug":"programa-de-desenvolvimento-academico-abdias-nascimento-2","status":"publish","type":"post","link":"https:\/\/www.ufsm.br\/pro-reitorias\/prograd\/caed\/2021\/04\/17\/programa-de-desenvolvimento-academico-abdias-nascimento-2","title":{"rendered":"PROGRAMA DE DESENVOLVIMENTO ACAD\u00caMICO ABDIAS NASCIMENTO"},"content":{"rendered":"\n<p><strong>T\u00edtulo do projeto:<\/strong> Programa de Desenvolvimento Acad\u00eamico Abdias Nascimento<\/p>\n<p><strong>N\u00famero de registro no SIE:\u00a0<\/strong>3010066.<\/p>\n<p><strong>Status:\u00a0<\/strong>conclu\u00eddo em dezembro 2018.<\/p>\n<p><strong>Coordenador(a):\u00a0<\/strong>S\u00edlvia Maria de Oliveira Pav\u00e3o<\/p>\n<p><strong>Participantes:<\/strong><strong>\u00a0<\/strong>Professores e estudantes.<\/p>\n<p><strong>Acad\u00eamico(a)s participantes:\u00a0<\/strong>Acad\u00eamicos<strong>\u00a0<\/strong>que atuaram na Coordenadoria de A\u00e7\u00f5es Educacionais &#8211; CAEd.<\/p>\n<p><strong>Objetivos:\u00a0<\/strong>promover o acesso \u00e0 p\u00f3s-gradua\u00e7\u00e3o, contribuindo para a forma\u00e7\u00e3o de profissionais seguramente habilitados a investiga\u00e7\u00e3o cient\u00edfica nas diferentes \u00e1reas do conhecimento, para produzir e divulgar o conhecimento, suas formas e aplica\u00e7\u00f5es.<\/p>\n<p><strong>P\u00fablico alvo:\u00a0<\/strong>p\u00fablico participante de\u00a0pretos, pardos, ind\u00edgenas, pessoas com defici\u00eancia, transtornos globais do desenvolvimento, altas habilidades e superdota\u00e7\u00e3o.<\/p>\n<p><strong>Resumo do projeto:\u00a0\u00a0<\/strong>forma\u00e7\u00e3o preparat\u00f3ria de sujeitos das a\u00e7\u00f5es afirmativas, pretos, pardos, ind\u00edgenas, com defici\u00eancia, transtornos globais do desenvolvimento, altas habilidades superdota\u00e7\u00e3o, surdos para o acesso aos cursos de mestrado e doutorado no Brasil ou exterior.<\/p>\n<p><strong>Atividades desenvolvidas:\u00a0<\/strong>aulas presenciais ministradas por professores da Universidade Federal de Santa Maria, contaram com atividades para os cursistas, com os conte\u00fados disponibilizados no ambiente virtual Moodle. As atividades com caracter\u00edstica predominantemente interdisciplinar foram desenvolvidas a partir do planejamento integrado dos componentes curriculares constantes da matriz curricular do curso.\u00a0<\/p>\n<p><strong>Principais Resultados:\u00a0<\/strong>os cursistas que fizeram o curso, puderam se aproximar da academia, identificando um perfil de pesquisador, desenvolvendo projetos de pesquisa e alguns, tendo inclusive, aprovados nos processos seletivos para p\u00f3s-gradua\u00e7\u00e3o em n\u00edvel mestrado. Al\u00e9m disso, houve a apreens\u00e3o cr\u00edtica e instrumental dos pressupostos te\u00f3rico-pr\u00e1ticos que orientam a pesquisa cient\u00edfica, podendo dar seguimento aos projetos de pesquisa. Em conclus\u00e3o, os processos que incentivam o desenvolvimento da pesquisa cient\u00edfica precisam ser mantidos, haja vista que \u00e9 por meio da pesquisa que muitos dos problemas sociais s\u00e3o minimizados ou resolvidos.<\/p>\n","protected":false},"excerpt":{"rendered":"<p>T\u00edtulo do projeto: Programa de Desenvolvimento Acad\u00eamico Abdias Nascimento N\u00famero de registro no SIE:\u00a03010066. Status:\u00a0conclu\u00eddo em dezembro 2018. Coordenador(a):\u00a0S\u00edlvia Maria de Oliveira Pav\u00e3o Participantes:\u00a0Professores e estudantes. Acad\u00eamico(a)s participantes:\u00a0Acad\u00eamicos\u00a0que atuaram na Coordenadoria de A\u00e7\u00f5es Educacionais &#8211; CAEd. Objetivos:\u00a0promover o acesso \u00e0 p\u00f3s-gradua\u00e7\u00e3o, contribuindo para a forma\u00e7\u00e3o de profissionais seguramente habilitados a investiga\u00e7\u00e3o cient\u00edfica nas diferentes \u00e1reas [&hellip;]<\/p>\n","protected":false},"author":252,"featured_media":0,"comment_status":"closed","ping_status":"closed","sticky":false,"template":"","format":"standard","meta":{"footnotes":""},"categories":[1],"tags":[],"class_list":["post-4065","post","type-post","status-publish","format-standard","hentry","category-sem-categoria"],"acf":[],"_links":{"self":[{"href":"https:\/\/www.ufsm.br\/pro-reitorias\/prograd\/caed\/wp-json\/wp\/v2\/posts\/4065","targetHints":{"allow":["GET"]}}],"collection":[{"href":"https:\/\/www.ufsm.br\/pro-reitorias\/prograd\/caed\/wp-json\/wp\/v2\/posts"}],"about":[{"href":"https:\/\/www.ufsm.br\/pro-reitorias\/prograd\/caed\/wp-json\/wp\/v2\/types\/post"}],"author":[{"embeddable":true,"href":"https:\/\/www.ufsm.br\/pro-reitorias\/prograd\/caed\/wp-json\/wp\/v2\/users\/252"}],"replies":[{"embeddable":true,"href":"https:\/\/www.ufsm.br\/pro-reitorias\/prograd\/caed\/wp-json\/wp\/v2\/comments?post=4065"}],"version-history":[{"count":0,"href":"https:\/\/www.ufsm.br\/pro-reitorias\/prograd\/caed\/wp-json\/wp\/v2\/posts\/4065\/revisions"}],"wp:attachment":[{"href":"https:\/\/www.ufsm.br\/pro-reitorias\/prograd\/caed\/wp-json\/wp\/v2\/media?parent=4065"}],"wp:term":[{"taxonomy":"category","embeddable":true,"href":"https:\/\/www.ufsm.br\/pro-reitorias\/prograd\/caed\/wp-json\/wp\/v2\/categories?post=4065"},{"taxonomy":"post_tag","embeddable":true,"href":"https:\/\/www.ufsm.br\/pro-reitorias\/prograd\/caed\/wp-json\/wp\/v2\/tags?post=4065"}],"curies":[{"name":"wp","href":"https:\/\/api.w.org\/{rel}","templated":true}]}}