{"id":4066,"date":"2021-04-17T00:54:28","date_gmt":"2021-04-17T03:54:28","guid":{"rendered":"https:\/\/www.ufsm.br\/orgaos-executivos\/caed\/?p=4066"},"modified":"2021-04-19T11:16:30","modified_gmt":"2021-04-19T14:16:30","slug":"processos-de-aprendizagem-2a-edicao","status":"publish","type":"post","link":"https:\/\/www.ufsm.br\/pro-reitorias\/prograd\/caed\/2021\/04\/17\/processos-de-aprendizagem-2a-edicao","title":{"rendered":"PROCESSOS DE APRENDIZAGEM &#8211; 2\u00aa EDI\u00c7\u00c3O"},"content":{"rendered":"\n<div class=\"row\">\n<div class=\"span12\"><span id=\"OutFieldTag_FuiyEGKTQlNmJ5j9_label\" class=\"label\">T\u00edtulo<\/span><br \/><span id=\"OutFieldTag_FuiyEGKTQlNmJ5j9\" class=\"\" aria-labelledby=\"OutFieldTag_FuiyEGKTQlNmJ5j9_label\">PROCESSOS DE APRENDIZAGEM &#8211; 2\u00aa Edi\u00e7\u00e3o<\/span><\/div>\n<div>\u00a0<\/div>\n<\/div>\n<div class=\"row\">\n<div class=\"span6\"><span id=\"OutFieldTag_5i5GgfQdhYWUNDBY_label\" class=\"label\">N\u00famero do projeto<\/span><br \/><span id=\"OutFieldTag_5i5GgfQdhYWUNDBY\" class=\"\" aria-labelledby=\"OutFieldTag_5i5GgfQdhYWUNDBY_label\">042298<\/span><\/div>\n<div>\u00a0<\/div>\n<div class=\"span6\"><span id=\"LabelTag_8IGMgYHDpZNTFcfZ\" class=\"label\">N\u00famero do processo<\/span><br \/><a class=\"detalhesDocumento link\" title=\"Detalhes da tramita\u00e7\u00e3o\" data-id=\"7407122\"><span class=\"\">042298<\/span><\/a><\/div>\n<div>\u00a0<\/div>\n<\/div>\n<div class=\"row\">\n<div class=\"span6\"><span id=\"OutFieldTag_wObJHdagx3yu0bRT_label\" class=\"label\">Classifica\u00e7\u00e3o principal<\/span><br \/><span id=\"OutFieldTag_wObJHdagx3yu0bRT\" class=\"\" aria-labelledby=\"OutFieldTag_wObJHdagx3yu0bRT_label\">Extens\u00e3o<\/span><\/div>\n<div>\u00a0<\/div>\n<\/div>\n<div class=\"row\">\n<div class=\"span12\"><span id=\"OutFieldTag_TUmx6qZeMoaO1HFb_label\" class=\"label\">Resumo<\/span><br \/><span id=\"OutFieldTag_TUmx6qZeMoaO1HFb\" class=\"\" aria-labelledby=\"OutFieldTag_TUmx6qZeMoaO1HFb_label\">Essa a\u00e7\u00e3o extensionista tem como objeto geral promover espa\u00e7os de discuss\u00e3o e produ\u00e7\u00e3o do conhecimento de tem\u00e1ticas na \u00e1rea da Educa\u00e7\u00e3o e Sa\u00fade. Como objetivos espec\u00edficos pretende-se: reconhecer o espa\u00e7o do N\u00facleo de Apoio \u00e0 Aprendizagem na Educa\u00e7\u00e3o como promotor de pr\u00e1ticas que incentivem a melhor viv\u00eancia das situa\u00e7\u00f5es de aprendizagem na Universidade; favorecer a compreens\u00e3o da aprendizagem humana no que tange aos aspectos que envolvem a pr\u00f3pria educa\u00e7\u00e3o, a sa\u00fade e os contingentes s\u00f3cio ambientais, bem como as habilidades vinculadas a elas (sociais, cognitivas, psicol\u00f3gicas); propiciar espa\u00e7os de intera\u00e7\u00e3o social, valorizando a estrat\u00e9gia de grupos na educa\u00e7\u00e3o; ampliar a participa\u00e7\u00e3o da comunidade externa nas a\u00e7\u00f5es desenvolvidas pela UFSM; incentivar o desenvolvimento de pesquisas, gerando publica\u00e7\u00f5es e outros produtos que possam ser utilizados pela comunidade-p\u00fablico da a\u00e7\u00e3o extensionista. Visando ao alcance destes objetivos, os eventos organizados a partir deste projeto abranger\u00e3o tem\u00e1ticas distintas, principalmente quanto \u00e0 educa\u00e7\u00e3o, sa\u00fade, rela\u00e7\u00f5es inter e intrapessoais, mercado de trabalho, autonomia, desenvolvimento e desempenho acad\u00eamico. Os eventos ser\u00e3o divididos em minicursos que possibilitam maior intera\u00e7\u00e3o e produ\u00e7\u00e3o conjunta com os participantes &#8211; de 4 a 12 horas, e palestras de car\u00e1ter informativo e problematizador &#8211; com 2 horas de dura\u00e7\u00e3o. Os encontros ser\u00e3o organizados pela equipe do N\u00facleo de Apoio \u00e0 Aprendizagem na Educa\u00e7\u00e3o, que prover\u00e1 os recursos materiais e humanos para efetiva\u00e7\u00e3o dos trabalhos, bem como a divulga\u00e7\u00e3o por meio eletr\u00f4nico ao p\u00fablico alvo. Espera-se que este projeto colabore com discuss\u00f5es importantes para a \u00e1rea da educa\u00e7\u00e3o e sa\u00fade e com a produ\u00e7\u00e3o do conhecimento de estudantes, servidores e comunidade externa.<\/span><\/div>\n<\/div>\n<div class=\"row\">\n<div class=\"span12\"><span id=\"OutFieldTag_4pL9EquG5QXPtUIQ_label\" class=\"label\">Observa\u00e7\u00e3o<\/span><br \/><span id=\"OutFieldTag_4pL9EquG5QXPtUIQ\" class=\"\" aria-labelledby=\"OutFieldTag_4pL9EquG5QXPtUIQ_label\">Essa proposta iniciou em 2011 a partir do Projeto Processos de Aprendizagem, que encerrou em 2015. Devido \u00e0 import\u00e2ncia das a\u00e7\u00f5es desenvolvidas para a comunidade acad\u00eamica e externa \u00e0 UFSM, a proposta foi alterada e aperfei\u00e7oada para iniciar em 2016 sob o nome Processos de Aprendizagem &#8211; 2\u00aa Edi\u00e7\u00e3o.<\/span><\/div>\n<\/div>\n<div class=\"row\">\n<div class=\"span3\"><span id=\"OutFieldTag_UzofQMmkrmhd8Nd7_label\" class=\"label\">Palavra-chave 1<\/span><br \/><span id=\"OutFieldTag_UzofQMmkrmhd8Nd7\" class=\"\" aria-labelledby=\"OutFieldTag_UzofQMmkrmhd8Nd7_label\">Aprendizagem<\/span><\/div>\n<div class=\"span3\"><span id=\"OutFieldTag_nBS1ZTHJZnmP0cbO_label\" class=\"label\">Palavra-chave 2<\/span><br \/><span id=\"OutFieldTag_nBS1ZTHJZnmP0cbO\" class=\"\" aria-labelledby=\"OutFieldTag_nBS1ZTHJZnmP0cbO_label\">Extens\u00e3o<\/span><\/div>\n<div class=\"span3\"><span id=\"OutFieldTag_Ax1jSgmNb1XQkq08_label\" class=\"label\">Palavra-chave 3<\/span><br \/><span id=\"OutFieldTag_Ax1jSgmNb1XQkq08\" class=\"\" aria-labelledby=\"OutFieldTag_Ax1jSgmNb1XQkq08_label\">Universidade.\u00a0<\/span><\/div>\n<\/div>\n<div>\u00a0<\/div>\n<div><a href=\"https:\/\/www.ufsm.br\/app\/uploads\/sites\/391\/2021\/04\/PRINCIPAIS-RESULTADOS.docx\">PRINCIPAIS RESULTADOS<\/a>\u00a0<\/div>\n<div>\n<p>\u00a0<\/p>\n<p>\u00a0<\/p>\n<p>\u00a0<\/p>\n<p>\u00a0<\/p>\n<p>\u00a0<\/p>\n<p>\u00a0<\/p>\n<p>\u00a0<\/p>\n<p>\u00a0<\/p>\n<\/div>\n<div>\n<p>\u00a0<\/p>\n<p>\u00a0<\/p>\n<p>\u00a0<\/p>\n<p>\u00a0<\/p>\n<p>\u00a0<\/p>\n<\/div>\n<div>\n<p>\u00a0<\/p>\n<p>\u00a0<\/p>\n<p>\u00a0<\/p>\n<p>\u00a0<\/p>\n<p>\u00a0<\/p>\n<\/div>\n<div class=\"span3\">\u00a0<\/div>\n<div>\n<p>\u00a0<\/p>\n<p>\u00a0<\/p>\n<p>\u00a0<\/p>\n<p>\u00a0<\/p>\n<p>\u00a0<\/p>\n<p>\u00a0<\/p>\n<\/div>\n","protected":false},"excerpt":{"rendered":"<p>T\u00edtuloPROCESSOS DE APRENDIZAGEM &#8211; 2\u00aa Edi\u00e7\u00e3o \u00a0 N\u00famero do projeto042298 \u00a0 N\u00famero do processo042298 \u00a0 Classifica\u00e7\u00e3o principalExtens\u00e3o \u00a0 ResumoEssa a\u00e7\u00e3o extensionista tem como objeto geral promover espa\u00e7os de discuss\u00e3o e produ\u00e7\u00e3o do conhecimento de tem\u00e1ticas na \u00e1rea da Educa\u00e7\u00e3o e Sa\u00fade. Como objetivos espec\u00edficos pretende-se: reconhecer o espa\u00e7o do N\u00facleo de Apoio \u00e0 Aprendizagem na [&hellip;]<\/p>\n","protected":false},"author":252,"featured_media":0,"comment_status":"closed","ping_status":"closed","sticky":false,"template":"","format":"standard","meta":{"footnotes":""},"categories":[1],"tags":[],"class_list":["post-4066","post","type-post","status-publish","format-standard","hentry","category-sem-categoria"],"acf":[],"_links":{"self":[{"href":"https:\/\/www.ufsm.br\/pro-reitorias\/prograd\/caed\/wp-json\/wp\/v2\/posts\/4066","targetHints":{"allow":["GET"]}}],"collection":[{"href":"https:\/\/www.ufsm.br\/pro-reitorias\/prograd\/caed\/wp-json\/wp\/v2\/posts"}],"about":[{"href":"https:\/\/www.ufsm.br\/pro-reitorias\/prograd\/caed\/wp-json\/wp\/v2\/types\/post"}],"author":[{"embeddable":true,"href":"https:\/\/www.ufsm.br\/pro-reitorias\/prograd\/caed\/wp-json\/wp\/v2\/users\/252"}],"replies":[{"embeddable":true,"href":"https:\/\/www.ufsm.br\/pro-reitorias\/prograd\/caed\/wp-json\/wp\/v2\/comments?post=4066"}],"version-history":[{"count":0,"href":"https:\/\/www.ufsm.br\/pro-reitorias\/prograd\/caed\/wp-json\/wp\/v2\/posts\/4066\/revisions"}],"wp:attachment":[{"href":"https:\/\/www.ufsm.br\/pro-reitorias\/prograd\/caed\/wp-json\/wp\/v2\/media?parent=4066"}],"wp:term":[{"taxonomy":"category","embeddable":true,"href":"https:\/\/www.ufsm.br\/pro-reitorias\/prograd\/caed\/wp-json\/wp\/v2\/categories?post=4066"},{"taxonomy":"post_tag","embeddable":true,"href":"https:\/\/www.ufsm.br\/pro-reitorias\/prograd\/caed\/wp-json\/wp\/v2\/tags?post=4066"}],"curies":[{"name":"wp","href":"https:\/\/api.w.org\/{rel}","templated":true}]}}