{"id":4067,"date":"2021-04-17T00:57:41","date_gmt":"2021-04-17T03:57:41","guid":{"rendered":"https:\/\/www.ufsm.br\/orgaos-executivos\/caed\/?p=4067"},"modified":"2021-04-17T01:10:52","modified_gmt":"2021-04-17T04:10:52","slug":"redes-de-aprendizagem","status":"publish","type":"post","link":"https:\/\/www.ufsm.br\/pro-reitorias\/prograd\/caed\/2021\/04\/17\/redes-de-aprendizagem","title":{"rendered":"REDES DE APRENDIZAGEM"},"content":{"rendered":"\n<div class=\"row\">\n<div class=\"span12\"><span id=\"OutFieldTag_cbgWcXqueWYsDbiZ_label\" class=\"label\">T\u00edtulo<\/span><br \/><span id=\"OutFieldTag_cbgWcXqueWYsDbiZ\" class=\"\" aria-labelledby=\"OutFieldTag_cbgWcXqueWYsDbiZ_label\">REDES DE APRENDIZAGEM<\/span><\/div>\n<\/div>\n<div class=\"row\">\n<div class=\"span6\"><span id=\"OutFieldTag_FV3906h3t5mGvo3P_label\" class=\"label\">N\u00famero do projeto<\/span><br \/><span id=\"OutFieldTag_FV3906h3t5mGvo3P\" class=\"\" aria-labelledby=\"OutFieldTag_FV3906h3t5mGvo3P_label\">045401<\/span><\/div>\n<\/div>\n<div class=\"row\">\n<div class=\"span6\"><span id=\"OutFieldTag_TzU5DP8PAGH2ws14_label\" class=\"label\">Classifica\u00e7\u00e3o principal<\/span><br \/><span id=\"OutFieldTag_TzU5DP8PAGH2ws14\" class=\"\" aria-labelledby=\"OutFieldTag_TzU5DP8PAGH2ws14_label\">Ensino<\/span><\/div>\n<\/div>\n<div class=\"row\">\n<div class=\"span12\"><span id=\"OutFieldTag_3hBz6wOJWkIMgKNA_label\" class=\"label\">Resumo<\/span><br \/><span id=\"OutFieldTag_3hBz6wOJWkIMgKNA\" class=\"\" aria-labelledby=\"OutFieldTag_3hBz6wOJWkIMgKNA_label\">A trajet\u00f3ria dos estudantes na Educa\u00e7\u00e3o Superior \u00e9 caracterizada por uma s\u00e9rie de desafios e enfrentamentos, tais como: lacunas referentes aos conte\u00fados da Educa\u00e7\u00e3o B\u00e1sica, dificuldades de adapta\u00e7\u00e3o do estudante ao contexto da Educa\u00e7\u00e3o Superior, baixo aproveitamento nas disciplinas, reprova\u00e7\u00f5es, evas\u00e3o do estudante, entre outros. Esses fatores geram consequenciais ainda mais desafiadoras para a Institui\u00e7\u00e3o, estudantes e professores: o impedimento de matr\u00edcula em disciplinas posteriores, desmotiva\u00e7\u00e3o, abandono do curso, reten\u00e7\u00e3o de vagas na universidade p\u00fablica que culminam em preju\u00edzos sociais e acad\u00eamicos. A UFSM, reconhecendo esses processos de desenvolvimento acad\u00eamico, prop\u00f5e o acompanhamento pedag\u00f3gico dos estudantes em car\u00e1ter preventivo e de acompanhamento dirigido nos casos em que se deflagra os problemas no aprender. Nesse sentido, j\u00e1 vem promovendo a\u00e7\u00f5es com esse intuito nos N\u00facleos que comp\u00f5e a Coordenadoria.<\/span><\/div>\n<\/div>\n<div class=\"row\">\n<div class=\"span3\"><span id=\"OutFieldTag_ktaSKKTUdnxBqDsg_label\" class=\"label\">Palavra-chave 1<\/span><br \/><span id=\"OutFieldTag_ktaSKKTUdnxBqDsg\" class=\"\" aria-labelledby=\"OutFieldTag_ktaSKKTUdnxBqDsg_label\">aprendizagem<\/span><\/div>\n<div class=\"span3\"><span id=\"OutFieldTag_XseEBdV4Dhi6BMvz_label\" class=\"label\">Palavra-chave 2<\/span><br \/><span id=\"OutFieldTag_XseEBdV4Dhi6BMvz\" class=\"\" aria-labelledby=\"OutFieldTag_XseEBdV4Dhi6BMvz_label\">acessibilidade<\/span><\/div>\n<div class=\"span3\"><span id=\"OutFieldTag_Cj7lUafGEKoq6QMb_label\" class=\"label\">Palavra-chave 3<\/span><br \/><span id=\"OutFieldTag_Cj7lUafGEKoq6QMb\" class=\"\" aria-labelledby=\"OutFieldTag_Cj7lUafGEKoq6QMb_label\">a\u00e7\u00f5es afirmativas.<\/span><\/div>\n<\/div>\n","protected":false},"excerpt":{"rendered":"<p>T\u00edtuloREDES DE APRENDIZAGEM N\u00famero do projeto045401 Classifica\u00e7\u00e3o principalEnsino ResumoA trajet\u00f3ria dos estudantes na Educa\u00e7\u00e3o Superior \u00e9 caracterizada por uma s\u00e9rie de desafios e enfrentamentos, tais como: lacunas referentes aos conte\u00fados da Educa\u00e7\u00e3o B\u00e1sica, dificuldades de adapta\u00e7\u00e3o do estudante ao contexto da Educa\u00e7\u00e3o Superior, baixo aproveitamento nas disciplinas, reprova\u00e7\u00f5es, evas\u00e3o do estudante, entre outros. Esses fatores [&hellip;]<\/p>\n","protected":false},"author":252,"featured_media":0,"comment_status":"closed","ping_status":"closed","sticky":false,"template":"","format":"standard","meta":{"footnotes":""},"categories":[1],"tags":[],"class_list":["post-4067","post","type-post","status-publish","format-standard","hentry","category-sem-categoria"],"acf":[],"_links":{"self":[{"href":"https:\/\/www.ufsm.br\/pro-reitorias\/prograd\/caed\/wp-json\/wp\/v2\/posts\/4067","targetHints":{"allow":["GET"]}}],"collection":[{"href":"https:\/\/www.ufsm.br\/pro-reitorias\/prograd\/caed\/wp-json\/wp\/v2\/posts"}],"about":[{"href":"https:\/\/www.ufsm.br\/pro-reitorias\/prograd\/caed\/wp-json\/wp\/v2\/types\/post"}],"author":[{"embeddable":true,"href":"https:\/\/www.ufsm.br\/pro-reitorias\/prograd\/caed\/wp-json\/wp\/v2\/users\/252"}],"replies":[{"embeddable":true,"href":"https:\/\/www.ufsm.br\/pro-reitorias\/prograd\/caed\/wp-json\/wp\/v2\/comments?post=4067"}],"version-history":[{"count":0,"href":"https:\/\/www.ufsm.br\/pro-reitorias\/prograd\/caed\/wp-json\/wp\/v2\/posts\/4067\/revisions"}],"wp:attachment":[{"href":"https:\/\/www.ufsm.br\/pro-reitorias\/prograd\/caed\/wp-json\/wp\/v2\/media?parent=4067"}],"wp:term":[{"taxonomy":"category","embeddable":true,"href":"https:\/\/www.ufsm.br\/pro-reitorias\/prograd\/caed\/wp-json\/wp\/v2\/categories?post=4067"},{"taxonomy":"post_tag","embeddable":true,"href":"https:\/\/www.ufsm.br\/pro-reitorias\/prograd\/caed\/wp-json\/wp\/v2\/tags?post=4067"}],"curies":[{"name":"wp","href":"https:\/\/api.w.org\/{rel}","templated":true}]}}