{"id":4069,"date":"2021-04-17T01:03:19","date_gmt":"2021-04-17T04:03:19","guid":{"rendered":"https:\/\/www.ufsm.br\/orgaos-executivos\/caed\/?p=4069"},"modified":"2021-04-17T01:05:23","modified_gmt":"2021-04-17T04:05:23","slug":"desempenho-academico-e-apoio-pedagogico-para-estudantes-surdos-da-ufsm-usuarios-de-libras","status":"publish","type":"post","link":"https:\/\/www.ufsm.br\/pro-reitorias\/prograd\/caed\/2021\/04\/17\/desempenho-academico-e-apoio-pedagogico-para-estudantes-surdos-da-ufsm-usuarios-de-libras","title":{"rendered":"DESEMPENHO ACAD\u00caMICO E APOIO PEDAG\u00d3GICO PARA ESTUDANTES SURDOS DA UFSM USU\u00c1RIOS DE LIBRAS"},"content":{"rendered":"\n<div class=\"row\">\n<div class=\"span12\"><span id=\"OutFieldTag_jfpKNk9JcPM9nsL9_label\" class=\"label\">T\u00edtulo<\/span><br \/><span id=\"OutFieldTag_jfpKNk9JcPM9nsL9\" class=\"\" aria-labelledby=\"OutFieldTag_jfpKNk9JcPM9nsL9_label\">DESEMPENHO ACAD\u00caMICO E APOIO PEDAG\u00d3GICO PARA ESTUDANTES SURDOS DA UFSM USU\u00c1RIOS DE LIBRAS<\/span><\/div>\n<\/div>\n<div class=\"row\">\n<div class=\"span6\"><span id=\"OutFieldTag_PAzoyGLbB62lq7xA_label\" class=\"label\">N\u00famero do projeto<\/span><br \/><span id=\"OutFieldTag_PAzoyGLbB62lq7xA\" class=\"\" aria-labelledby=\"OutFieldTag_PAzoyGLbB62lq7xA_label\">046317<\/span><\/div>\n<div class=\"span6\"><span id=\"LabelTag_LME1TMqT6Eaq9ZG6\" class=\"label\">N\u00famero do processo<\/span><br \/><a class=\"detalhesDocumento link\" title=\"Detalhes da tramita\u00e7\u00e3o\" data-id=\"8293659\"><span class=\"\">23081.019696\/2017-47<\/span><\/a><\/div>\n<\/div>\n<div class=\"row\">\n<div class=\"span6\"><span id=\"OutFieldTag_6LPs9Nxphzmfn2Up_label\" class=\"label\">Classifica\u00e7\u00e3o principal<\/span><br \/><span id=\"OutFieldTag_6LPs9Nxphzmfn2Up\" class=\"\" aria-labelledby=\"OutFieldTag_6LPs9Nxphzmfn2Up_label\">Pesquisa<\/span><\/div>\n<\/div>\n<div class=\"row\">\n<div class=\"span12\"><span id=\"OutFieldTag_ridunXzChk9TcutA_label\" class=\"label\">Resumo<\/span><br \/><span id=\"OutFieldTag_ridunXzChk9TcutA\" class=\"\" aria-labelledby=\"OutFieldTag_ridunXzChk9TcutA_label\">Com significativo impacto nos diferentes campos do saber, as pol\u00edticas de inclus\u00e3o social e a democratiza\u00e7\u00e3o do acesso ao Ensino Superior implementadas pelo Governo Federal promovem mudan\u00e7as. Na Universidade Federal de Santa Maria-RS foi implementado, a partir do ano de 2008, o vestibular em Libras para candidatos surdos, amparados pela Resolu\u00e7\u00e3o 011\/07, colaborando para um aumento significativo do n\u00famero de estudantes surdos nos diversos cursos de gradua\u00e7\u00e3o da UFSM. Entretanto, o acesso favorecido n\u00e3o \u00e9 garantia das condi\u00e7\u00f5es de perman\u00eancia e conclus\u00e3o, diante do que se necessita implantar estrat\u00e9gias para que esses estudantes possam permanecer no espa\u00e7o acad\u00eamico, alcan\u00e7ando o melhor n\u00edvel de produtividade e desempenho nos seus objetivos de forma\u00e7\u00e3o profissional. O objetivo deste projeto \u00e9 discutir os desafios da aprendizagem dos estudantes surdos inseridos na educa\u00e7\u00e3o superior da UFSM, bem como desenvolver estrat\u00e9gias de apoio e acompanhamento pedag\u00f3gico. Quanto aos aspectos metodol\u00f3gicos utilizados, ser\u00e1 feito uma pesquisa de abordagem quantitativa e qualitativa de dados, considerando o hist\u00f3rico escolar e a integraliza\u00e7\u00e3o usando a ferramenta intranet da Institui\u00e7\u00e3o, Sistema de Informa\u00e7\u00f5es Educacionais (SIE) que possibilita a materializa\u00e7\u00e3o do levantamento do rendimento acad\u00eamico. Os resultados obtidos ser\u00e3o tabulados graficamente para an\u00e1lise, permitindo conhecer o desempenho individual dos estudantes, para posteriormente entrevist\u00e1-los individualmente e a partir de suas demandas, o CAED desenvolver estrat\u00e9gias de apoio pedag\u00f3gico e acompanhamento para estes estudantes.<\/span><\/div>\n<\/div>\n<div class=\"row\">\n<div class=\"span12\"><span id=\"OutFieldTag_bIE7nvfJCarpC5VP_label\" class=\"label\">Objetivos<\/span><br \/><span id=\"OutFieldTag_bIE7nvfJCarpC5VP\" class=\"\" aria-labelledby=\"OutFieldTag_bIE7nvfJCarpC5VP_label\">Discutir os desafios da aprendizagem para estudantes surdos na Educa\u00e7\u00e3o Superior da UFSM. Desenvolver estrat\u00e9gias de acompanhamento pedag\u00f3gico para estudantes surdos na Educa\u00e7\u00e3o Superior da UFSM.<\/span><\/div>\n<\/div>\n<div class=\"row\">\n<div class=\"span12\"><span id=\"OutFieldTag_RJ1G9QBEqoBDAiaQ_label\" class=\"label\">Justificativa<\/span><br \/><span id=\"OutFieldTag_RJ1G9QBEqoBDAiaQ\" class=\"\" aria-labelledby=\"OutFieldTag_RJ1G9QBEqoBDAiaQ_label\">atividade realizada<\/span><\/div>\n<\/div>\n<div class=\"row\">\n<div class=\"span12\"><span id=\"OutFieldTag_VVEHlSWMmzLNyunF_label\" class=\"label\">Resultados esperados<\/span><br \/><span id=\"OutFieldTag_VVEHlSWMmzLNyunF\" class=\"\" aria-labelledby=\"OutFieldTag_VVEHlSWMmzLNyunF_label\">Melhorar o rendimento acad\u00eamico de estudantes surdos. Favorecer a qualidade nos processos de ensino e aprendizagem.<\/span><\/div>\n<\/div>\n<div class=\"row\">\n<div class=\"span6\"><span id=\"OutFieldTag_vYnyq17zWSKHvsr0_label\" class=\"label\">Projeto em \u00e2mbito confidencial<\/span><br \/><span id=\"OutFieldTag_vYnyq17zWSKHvsr0\" class=\"\" aria-labelledby=\"OutFieldTag_vYnyq17zWSKHvsr0_label\">N\u00e3o<\/span><\/div>\n<div class=\"span6\"><span id=\"OutFieldTag_XbKORWHE69o8bNaZ_label\" class=\"label\">Projeto superior<\/span><br \/><span id=\"OutFieldTag_XbKORWHE69o8bNaZ\" class=\"\" aria-labelledby=\"OutFieldTag_XbKORWHE69o8bNaZ_label\">045401 &#8211; REDES DE APRENDIZAGEM<\/span><\/div>\n<\/div>\n<div class=\"row\">\n<div class=\"span3\"><span id=\"OutFieldTag_NbnJhnDTsdGAzsu6_label\" class=\"label\">Palavra-chave 1<\/span><br \/><span id=\"OutFieldTag_NbnJhnDTsdGAzsu6\" class=\"\" aria-labelledby=\"OutFieldTag_NbnJhnDTsdGAzsu6_label\">Desempenho Acad\u00eamico<\/span><\/div>\n<div class=\"span3\"><span id=\"OutFieldTag_85Sy7obYd21Jqedm_label\" class=\"label\">Palavra-chave 2<\/span><br \/><span id=\"OutFieldTag_85Sy7obYd21Jqedm\" class=\"\" aria-labelledby=\"OutFieldTag_85Sy7obYd21Jqedm_label\">Surdos no Ensino Superior<\/span><\/div>\n<div class=\"span3\"><span id=\"OutFieldTag_b0qoAEMpCjA22uvD_label\" class=\"label\">Palavra-chave 3<\/span><br \/><span id=\"OutFieldTag_b0qoAEMpCjA22uvD\" class=\"\" aria-labelledby=\"OutFieldTag_b0qoAEMpCjA22uvD_label\">Atendimento especializado.<\/span><\/div>\n<\/div>\n","protected":false},"excerpt":{"rendered":"<p>T\u00edtuloDESEMPENHO ACAD\u00caMICO E APOIO PEDAG\u00d3GICO PARA ESTUDANTES SURDOS DA UFSM USU\u00c1RIOS DE LIBRAS N\u00famero do projeto046317 N\u00famero do processo23081.019696\/2017-47 Classifica\u00e7\u00e3o principalPesquisa ResumoCom significativo impacto nos diferentes campos do saber, as pol\u00edticas de inclus\u00e3o social e a democratiza\u00e7\u00e3o do acesso ao Ensino Superior implementadas pelo Governo Federal promovem mudan\u00e7as. Na Universidade Federal de Santa Maria-RS foi [&hellip;]<\/p>\n","protected":false},"author":252,"featured_media":0,"comment_status":"closed","ping_status":"closed","sticky":false,"template":"","format":"standard","meta":{"footnotes":""},"categories":[1],"tags":[],"class_list":["post-4069","post","type-post","status-publish","format-standard","hentry","category-sem-categoria"],"acf":[],"_links":{"self":[{"href":"https:\/\/www.ufsm.br\/pro-reitorias\/prograd\/caed\/wp-json\/wp\/v2\/posts\/4069","targetHints":{"allow":["GET"]}}],"collection":[{"href":"https:\/\/www.ufsm.br\/pro-reitorias\/prograd\/caed\/wp-json\/wp\/v2\/posts"}],"about":[{"href":"https:\/\/www.ufsm.br\/pro-reitorias\/prograd\/caed\/wp-json\/wp\/v2\/types\/post"}],"author":[{"embeddable":true,"href":"https:\/\/www.ufsm.br\/pro-reitorias\/prograd\/caed\/wp-json\/wp\/v2\/users\/252"}],"replies":[{"embeddable":true,"href":"https:\/\/www.ufsm.br\/pro-reitorias\/prograd\/caed\/wp-json\/wp\/v2\/comments?post=4069"}],"version-history":[{"count":0,"href":"https:\/\/www.ufsm.br\/pro-reitorias\/prograd\/caed\/wp-json\/wp\/v2\/posts\/4069\/revisions"}],"wp:attachment":[{"href":"https:\/\/www.ufsm.br\/pro-reitorias\/prograd\/caed\/wp-json\/wp\/v2\/media?parent=4069"}],"wp:term":[{"taxonomy":"category","embeddable":true,"href":"https:\/\/www.ufsm.br\/pro-reitorias\/prograd\/caed\/wp-json\/wp\/v2\/categories?post=4069"},{"taxonomy":"post_tag","embeddable":true,"href":"https:\/\/www.ufsm.br\/pro-reitorias\/prograd\/caed\/wp-json\/wp\/v2\/tags?post=4069"}],"curies":[{"name":"wp","href":"https:\/\/api.w.org\/{rel}","templated":true}]}}