{"id":4105,"date":"2021-04-18T22:44:01","date_gmt":"2021-04-19T01:44:01","guid":{"rendered":"https:\/\/www.ufsm.br\/orgaos-executivos\/caed\/?p=4105"},"modified":"2021-04-18T22:45:53","modified_gmt":"2021-04-19T01:45:53","slug":"tecendo-redes-de-conhecimento-fique-por-dentro","status":"publish","type":"post","link":"https:\/\/www.ufsm.br\/pro-reitorias\/prograd\/caed\/2021\/04\/18\/tecendo-redes-de-conhecimento-fique-por-dentro","title":{"rendered":"TECENDO REDES DE CONHECIMENTO &#8211; FIQUE POR DENTRO"},"content":{"rendered":"\n<p><b>T\u00edtulo do Projeto: Tecendo Redes de Conhecimento &#8211; Fique por Dentro<\/b><\/p>\n<p>N\u00famero de registro no SIE: Est\u00e1 em fase elabora\u00e7\u00e3o e registro;<\/p>\n<p>P\u00fablico-alvo: docentes, t\u00e9cnico-administrativos em educa\u00e7\u00e3o, discentes, comunidade acad\u00eamica e comunidade externa;<\/p>\n<p>Objetivos:<\/p>\n<p>Tecer redes de conhecimento sobre tem\u00e1ticas importantes na contemporaneidade, bem como contar a hist\u00f3ria de pessoas\/profissionais que se destacaram em diferentes \u00e1reas do conhecimento e que foram destaques tamb\u00e9m nas lutas de seu povo.<\/p>\n<p>In\u00edcio do Projeto: 26\/08\/2019;<\/p>\n<p>Publica\u00e7\u00f5es nas m\u00eddias digitais: 04<\/p>\n","protected":false},"excerpt":{"rendered":"<p>T\u00edtulo do Projeto: Tecendo Redes de Conhecimento &#8211; Fique por Dentro N\u00famero de registro no SIE: Est\u00e1 em fase elabora\u00e7\u00e3o e registro; P\u00fablico-alvo: docentes, t\u00e9cnico-administrativos em educa\u00e7\u00e3o, discentes, comunidade acad\u00eamica e comunidade externa; Objetivos: Tecer redes de conhecimento sobre tem\u00e1ticas importantes na contemporaneidade, bem como contar a hist\u00f3ria de pessoas\/profissionais que se destacaram em diferentes [&hellip;]<\/p>\n","protected":false},"author":252,"featured_media":0,"comment_status":"closed","ping_status":"closed","sticky":false,"template":"","format":"standard","meta":{"footnotes":""},"categories":[1],"tags":[],"class_list":["post-4105","post","type-post","status-publish","format-standard","hentry","category-sem-categoria"],"acf":[],"_links":{"self":[{"href":"https:\/\/www.ufsm.br\/pro-reitorias\/prograd\/caed\/wp-json\/wp\/v2\/posts\/4105","targetHints":{"allow":["GET"]}}],"collection":[{"href":"https:\/\/www.ufsm.br\/pro-reitorias\/prograd\/caed\/wp-json\/wp\/v2\/posts"}],"about":[{"href":"https:\/\/www.ufsm.br\/pro-reitorias\/prograd\/caed\/wp-json\/wp\/v2\/types\/post"}],"author":[{"embeddable":true,"href":"https:\/\/www.ufsm.br\/pro-reitorias\/prograd\/caed\/wp-json\/wp\/v2\/users\/252"}],"replies":[{"embeddable":true,"href":"https:\/\/www.ufsm.br\/pro-reitorias\/prograd\/caed\/wp-json\/wp\/v2\/comments?post=4105"}],"version-history":[{"count":0,"href":"https:\/\/www.ufsm.br\/pro-reitorias\/prograd\/caed\/wp-json\/wp\/v2\/posts\/4105\/revisions"}],"wp:attachment":[{"href":"https:\/\/www.ufsm.br\/pro-reitorias\/prograd\/caed\/wp-json\/wp\/v2\/media?parent=4105"}],"wp:term":[{"taxonomy":"category","embeddable":true,"href":"https:\/\/www.ufsm.br\/pro-reitorias\/prograd\/caed\/wp-json\/wp\/v2\/categories?post=4105"},{"taxonomy":"post_tag","embeddable":true,"href":"https:\/\/www.ufsm.br\/pro-reitorias\/prograd\/caed\/wp-json\/wp\/v2\/tags?post=4105"}],"curies":[{"name":"wp","href":"https:\/\/api.w.org\/{rel}","templated":true}]}}