{"id":4107,"date":"2021-04-18T22:47:53","date_gmt":"2021-04-19T01:47:53","guid":{"rendered":"https:\/\/www.ufsm.br\/orgaos-executivos\/caed\/?p=4107"},"modified":"2021-04-18T22:53:17","modified_gmt":"2021-04-19T01:53:17","slug":"grupo-de-estudos-abdias-nascimento","status":"publish","type":"post","link":"https:\/\/www.ufsm.br\/pro-reitorias\/prograd\/caed\/2021\/04\/18\/grupo-de-estudos-abdias-nascimento","title":{"rendered":"GRUPO DE ESTUDOS ABDIAS NASCIMENTO"},"content":{"rendered":"\n<p>O \u201c<b>Grupo de Estudos Abdias Nascimento\u201d<\/b> foi originado a partir do Programa de Desenvolvimento Acad\u00eamico Abdias Nascimento, tratando-se de um\u00a0 curso preparat\u00f3rio para ingresso na p\u00f3s-gradua\u00e7\u00e3o.<\/p>\n<p>O grupo de estudos tem como objetivo proporcionar aos participantes a discuss\u00e3o e o aprofundamento de tem\u00e1ticas de interesse comum, envolvendo a\u00e7\u00f5es afirmativas, g\u00eanero, sexualidade, interculturalidade, educa\u00e7\u00e3o da rela\u00e7\u00f5es \u00e9tnico-raciais, desigualdades sociais e educacionais, geralmente de forma aut\u00f4noma e cooperativa.<\/p>\n<p>Das a\u00e7\u00f5es do Programa de Desenvolvimento Acad\u00eamico Abdias Nascimento, resultou a seguinte produ\u00e7\u00e3o cient\u00edfica:<\/p>\n<p>PAV\u00c3O, Silvia Maria de Oliveira. (Org<b>.). Pautando a efetividade da produ\u00e7\u00e3o cient\u00edfica em a\u00e7\u00f5es afirmativas<\/b>: Programa Pr\u00e9-Acad\u00eamico Abdias Nascimento. Santa Maria, RS: FACOS\/UFSM, 2019<\/p>\n","protected":false},"excerpt":{"rendered":"<p>O \u201cGrupo de Estudos Abdias Nascimento\u201d foi originado a partir do Programa de Desenvolvimento Acad\u00eamico Abdias Nascimento, tratando-se de um\u00a0 curso preparat\u00f3rio para ingresso na p\u00f3s-gradua\u00e7\u00e3o. O grupo de estudos tem como objetivo proporcionar aos participantes a discuss\u00e3o e o aprofundamento de tem\u00e1ticas de interesse comum, envolvendo a\u00e7\u00f5es afirmativas, g\u00eanero, sexualidade, interculturalidade, educa\u00e7\u00e3o da rela\u00e7\u00f5es [&hellip;]<\/p>\n","protected":false},"author":252,"featured_media":0,"comment_status":"closed","ping_status":"closed","sticky":false,"template":"","format":"standard","meta":{"footnotes":""},"categories":[1],"tags":[],"class_list":["post-4107","post","type-post","status-publish","format-standard","hentry","category-sem-categoria"],"acf":[],"_links":{"self":[{"href":"https:\/\/www.ufsm.br\/pro-reitorias\/prograd\/caed\/wp-json\/wp\/v2\/posts\/4107","targetHints":{"allow":["GET"]}}],"collection":[{"href":"https:\/\/www.ufsm.br\/pro-reitorias\/prograd\/caed\/wp-json\/wp\/v2\/posts"}],"about":[{"href":"https:\/\/www.ufsm.br\/pro-reitorias\/prograd\/caed\/wp-json\/wp\/v2\/types\/post"}],"author":[{"embeddable":true,"href":"https:\/\/www.ufsm.br\/pro-reitorias\/prograd\/caed\/wp-json\/wp\/v2\/users\/252"}],"replies":[{"embeddable":true,"href":"https:\/\/www.ufsm.br\/pro-reitorias\/prograd\/caed\/wp-json\/wp\/v2\/comments?post=4107"}],"version-history":[{"count":0,"href":"https:\/\/www.ufsm.br\/pro-reitorias\/prograd\/caed\/wp-json\/wp\/v2\/posts\/4107\/revisions"}],"wp:attachment":[{"href":"https:\/\/www.ufsm.br\/pro-reitorias\/prograd\/caed\/wp-json\/wp\/v2\/media?parent=4107"}],"wp:term":[{"taxonomy":"category","embeddable":true,"href":"https:\/\/www.ufsm.br\/pro-reitorias\/prograd\/caed\/wp-json\/wp\/v2\/categories?post=4107"},{"taxonomy":"post_tag","embeddable":true,"href":"https:\/\/www.ufsm.br\/pro-reitorias\/prograd\/caed\/wp-json\/wp\/v2\/tags?post=4107"}],"curies":[{"name":"wp","href":"https:\/\/api.w.org\/{rel}","templated":true}]}}