{"id":4118,"date":"2021-04-20T13:24:40","date_gmt":"2021-04-20T16:24:40","guid":{"rendered":"https:\/\/www.ufsm.br\/orgaos-executivos\/caed\/?p=4118"},"modified":"2021-04-20T13:24:42","modified_gmt":"2021-04-20T16:24:42","slug":"elas-na-ciencia-novo-episodio-6","status":"publish","type":"post","link":"https:\/\/www.ufsm.br\/pro-reitorias\/prograd\/caed\/2021\/04\/20\/elas-na-ciencia-novo-episodio-6","title":{"rendered":"ELAS NA CI\u00caNCIA &#8211; NOVO EPIS\u00d3DIO"},"content":{"rendered":"\n<p>A Universidade Federal de Santa Maria(UFSM)\/Coordenadoria de A\u00e7\u00f5es Educacionais(CAEd) soma-se \u00e0 divulga\u00e7\u00e3o do programa Elas na Ci\u00eancia.\u00a0<\/p>\n<p>O novo epis\u00f3dio, n\u00famero 10, traz reportagem com a professora Kelmara Mendes Vieira, do Centro de Ci\u00eancias Sociais e Humanas, e pode ser conferido no <a href=\"https:\/\/www.youtube.com\/watch?v=nsdEcna6IrU&amp;t=621s\" target=\"_blank\" rel=\"noopener\" data-saferedirecturl=\"https:\/\/www.google.com\/url?q=https:\/\/www.youtube.com\/watch?v%3DnsdEcna6IrU%26t%3D621s&amp;source=gmail&amp;ust=1618939776486000&amp;usg=AFQjCNEGNETbaMmZ2_kSO3_TzJWkkbfgRw\">YouTube da TV Campus<\/a>.<\/p>\n<div>\u00a0<\/div>\n","protected":false},"excerpt":{"rendered":"<p>A Universidade Federal de Santa Maria(UFSM)\/Coordenadoria de A\u00e7\u00f5es Educacionais(CAEd) soma-se \u00e0 divulga\u00e7\u00e3o do programa Elas na Ci\u00eancia.\u00a0 O novo epis\u00f3dio, n\u00famero 10, traz reportagem com a professora Kelmara Mendes Vieira, do Centro de Ci\u00eancias Sociais e Humanas, e pode ser conferido no YouTube da TV Campus. \u00a0<\/p>\n","protected":false},"author":252,"featured_media":0,"comment_status":"closed","ping_status":"closed","sticky":false,"template":"","format":"standard","meta":{"footnotes":""},"categories":[1],"tags":[],"class_list":["post-4118","post","type-post","status-publish","format-standard","hentry","category-sem-categoria"],"acf":[],"_links":{"self":[{"href":"https:\/\/www.ufsm.br\/pro-reitorias\/prograd\/caed\/wp-json\/wp\/v2\/posts\/4118","targetHints":{"allow":["GET"]}}],"collection":[{"href":"https:\/\/www.ufsm.br\/pro-reitorias\/prograd\/caed\/wp-json\/wp\/v2\/posts"}],"about":[{"href":"https:\/\/www.ufsm.br\/pro-reitorias\/prograd\/caed\/wp-json\/wp\/v2\/types\/post"}],"author":[{"embeddable":true,"href":"https:\/\/www.ufsm.br\/pro-reitorias\/prograd\/caed\/wp-json\/wp\/v2\/users\/252"}],"replies":[{"embeddable":true,"href":"https:\/\/www.ufsm.br\/pro-reitorias\/prograd\/caed\/wp-json\/wp\/v2\/comments?post=4118"}],"version-history":[{"count":0,"href":"https:\/\/www.ufsm.br\/pro-reitorias\/prograd\/caed\/wp-json\/wp\/v2\/posts\/4118\/revisions"}],"wp:attachment":[{"href":"https:\/\/www.ufsm.br\/pro-reitorias\/prograd\/caed\/wp-json\/wp\/v2\/media?parent=4118"}],"wp:term":[{"taxonomy":"category","embeddable":true,"href":"https:\/\/www.ufsm.br\/pro-reitorias\/prograd\/caed\/wp-json\/wp\/v2\/categories?post=4118"},{"taxonomy":"post_tag","embeddable":true,"href":"https:\/\/www.ufsm.br\/pro-reitorias\/prograd\/caed\/wp-json\/wp\/v2\/tags?post=4118"}],"curies":[{"name":"wp","href":"https:\/\/api.w.org\/{rel}","templated":true}]}}