{"id":4119,"date":"2021-04-20T13:27:26","date_gmt":"2021-04-20T16:27:26","guid":{"rendered":"https:\/\/www.ufsm.br\/orgaos-executivos\/caed\/?p=4119"},"modified":"2021-04-20T13:27:59","modified_gmt":"2021-04-20T16:27:59","slug":"inovacao-alem-do-arco-acoes-de-inovacao-na-ufsm","status":"publish","type":"post","link":"https:\/\/www.ufsm.br\/pro-reitorias\/prograd\/caed\/2021\/04\/20\/inovacao-alem-do-arco-acoes-de-inovacao-na-ufsm","title":{"rendered":"INOVA\u00c7\u00c3O AL\u00c9M DO ARCO &#8211; A\u00c7\u00d5ES DE INOVA\u00c7\u00c3O NA UFSM"},"content":{"rendered":"\n<p>A Universidade Federal de Santa Maria(UFSM)\/Coordenadoria de A\u00e7\u00f5es Educacionais(CAEd) soma-se \u00e0 divulga\u00e7\u00e3o de a\u00e7\u00f5es de inova\u00e7\u00e3o na UFSM.<\/p>\n<p>O novo epis\u00f3dio pode ser conferido no <a href=\"https:\/\/www.ufsm.br\/orgaos-executivos\/agittec\/\" target=\"_blank\" rel=\"noopener\" data-saferedirecturl=\"https:\/\/www.google.com\/url?q=https:\/\/www.ufsm.br\/orgaos-executivos\/agittec\/&amp;source=gmail&amp;ust=1618939776486000&amp;usg=AFQjCNFyGq0a4l93RUOq9j8vYkF9K5KJLg\">site da Agittec<\/a> e em v\u00eddeos no <a href=\"https:\/\/www.youtube.com\/channel\/UCIB6UR3XZMvJHAFyCCnmXzA\" target=\"_blank\" rel=\"noopener\" data-saferedirecturl=\"https:\/\/www.google.com\/url?q=https:\/\/www.youtube.com\/channel\/UCIB6UR3XZMvJHAFyCCnmXzA&amp;source=gmail&amp;ust=1618939776486000&amp;usg=AFQjCNGKVvTbEDkYOuBbdxc3TfE8XMIUwg\">YouTube da Agittec<\/a>.<\/p>\n","protected":false},"excerpt":{"rendered":"<p>A Universidade Federal de Santa Maria(UFSM)\/Coordenadoria de A\u00e7\u00f5es Educacionais(CAEd) soma-se \u00e0 divulga\u00e7\u00e3o de a\u00e7\u00f5es de inova\u00e7\u00e3o na UFSM. O novo epis\u00f3dio pode ser conferido no site da Agittec e em v\u00eddeos no YouTube da Agittec.<\/p>\n","protected":false},"author":252,"featured_media":0,"comment_status":"closed","ping_status":"closed","sticky":false,"template":"","format":"standard","meta":{"footnotes":""},"categories":[1],"tags":[],"class_list":["post-4119","post","type-post","status-publish","format-standard","hentry","category-sem-categoria"],"acf":[],"_links":{"self":[{"href":"https:\/\/www.ufsm.br\/pro-reitorias\/prograd\/caed\/wp-json\/wp\/v2\/posts\/4119","targetHints":{"allow":["GET"]}}],"collection":[{"href":"https:\/\/www.ufsm.br\/pro-reitorias\/prograd\/caed\/wp-json\/wp\/v2\/posts"}],"about":[{"href":"https:\/\/www.ufsm.br\/pro-reitorias\/prograd\/caed\/wp-json\/wp\/v2\/types\/post"}],"author":[{"embeddable":true,"href":"https:\/\/www.ufsm.br\/pro-reitorias\/prograd\/caed\/wp-json\/wp\/v2\/users\/252"}],"replies":[{"embeddable":true,"href":"https:\/\/www.ufsm.br\/pro-reitorias\/prograd\/caed\/wp-json\/wp\/v2\/comments?post=4119"}],"version-history":[{"count":0,"href":"https:\/\/www.ufsm.br\/pro-reitorias\/prograd\/caed\/wp-json\/wp\/v2\/posts\/4119\/revisions"}],"wp:attachment":[{"href":"https:\/\/www.ufsm.br\/pro-reitorias\/prograd\/caed\/wp-json\/wp\/v2\/media?parent=4119"}],"wp:term":[{"taxonomy":"category","embeddable":true,"href":"https:\/\/www.ufsm.br\/pro-reitorias\/prograd\/caed\/wp-json\/wp\/v2\/categories?post=4119"},{"taxonomy":"post_tag","embeddable":true,"href":"https:\/\/www.ufsm.br\/pro-reitorias\/prograd\/caed\/wp-json\/wp\/v2\/tags?post=4119"}],"curies":[{"name":"wp","href":"https:\/\/api.w.org\/{rel}","templated":true}]}}