{"id":4120,"date":"2021-04-20T13:32:15","date_gmt":"2021-04-20T16:32:15","guid":{"rendered":"https:\/\/www.ufsm.br\/orgaos-executivos\/caed\/?p=4120"},"modified":"2021-04-20T13:32:17","modified_gmt":"2021-04-20T16:32:17","slug":"calourada-ufsm-2021-i","status":"publish","type":"post","link":"https:\/\/www.ufsm.br\/pro-reitorias\/prograd\/caed\/2021\/04\/20\/calourada-ufsm-2021-i","title":{"rendered":"CALOURADA UFSM 2021 I"},"content":{"rendered":"\n<p>A Universidade Federal de Santa Maria(UFSM)\/Coordenadoria de A\u00e7\u00f5es Educacionais(CAEd) soma-se \u00e0 divulga\u00e7\u00e3o da Calourada 2021 I, de 18 a 21 de maio de 2021<\/p>\n<p><a href=\"https:\/\/youtu.be\/fSId4a2lSws\" target=\"_blank\" rel=\"noopener\" data-saferedirecturl=\"https:\/\/www.google.com\/url?q=https:\/\/youtu.be\/fSId4a2lSws&amp;source=gmail&amp;ust=1618939776486000&amp;usg=AFQjCNEsVK7o7Tp1cIN-6KibRZcDWa5f2A\">No dia 18 de maio de 2021, \u00e0s 10h00min, ocorrer\u00e1 as boas-vindas institucionais com Reitor, Pr\u00f3-reitor, DCE e Pr\u00f3-reitorias (PROGRAD, PRAE, PRPGP e PRE)<\/a>. Nas demais datas e hor\u00e1rios, ficar\u00e1 aberto para a programa\u00e7\u00e3o organizada pelas unidades de ensino.\u00a0<\/p>\n","protected":false},"excerpt":{"rendered":"<p>A Universidade Federal de Santa Maria(UFSM)\/Coordenadoria de A\u00e7\u00f5es Educacionais(CAEd) soma-se \u00e0 divulga\u00e7\u00e3o da Calourada 2021 I, de 18 a 21 de maio de 2021 No dia 18 de maio de 2021, \u00e0s 10h00min, ocorrer\u00e1 as boas-vindas institucionais com Reitor, Pr\u00f3-reitor, DCE e Pr\u00f3-reitorias (PROGRAD, PRAE, PRPGP e PRE). Nas demais datas e hor\u00e1rios, ficar\u00e1 aberto [&hellip;]<\/p>\n","protected":false},"author":252,"featured_media":0,"comment_status":"closed","ping_status":"closed","sticky":false,"template":"","format":"standard","meta":{"footnotes":""},"categories":[1],"tags":[],"class_list":["post-4120","post","type-post","status-publish","format-standard","hentry","category-sem-categoria"],"acf":[],"_links":{"self":[{"href":"https:\/\/www.ufsm.br\/pro-reitorias\/prograd\/caed\/wp-json\/wp\/v2\/posts\/4120","targetHints":{"allow":["GET"]}}],"collection":[{"href":"https:\/\/www.ufsm.br\/pro-reitorias\/prograd\/caed\/wp-json\/wp\/v2\/posts"}],"about":[{"href":"https:\/\/www.ufsm.br\/pro-reitorias\/prograd\/caed\/wp-json\/wp\/v2\/types\/post"}],"author":[{"embeddable":true,"href":"https:\/\/www.ufsm.br\/pro-reitorias\/prograd\/caed\/wp-json\/wp\/v2\/users\/252"}],"replies":[{"embeddable":true,"href":"https:\/\/www.ufsm.br\/pro-reitorias\/prograd\/caed\/wp-json\/wp\/v2\/comments?post=4120"}],"version-history":[{"count":0,"href":"https:\/\/www.ufsm.br\/pro-reitorias\/prograd\/caed\/wp-json\/wp\/v2\/posts\/4120\/revisions"}],"wp:attachment":[{"href":"https:\/\/www.ufsm.br\/pro-reitorias\/prograd\/caed\/wp-json\/wp\/v2\/media?parent=4120"}],"wp:term":[{"taxonomy":"category","embeddable":true,"href":"https:\/\/www.ufsm.br\/pro-reitorias\/prograd\/caed\/wp-json\/wp\/v2\/categories?post=4120"},{"taxonomy":"post_tag","embeddable":true,"href":"https:\/\/www.ufsm.br\/pro-reitorias\/prograd\/caed\/wp-json\/wp\/v2\/tags?post=4120"}],"curies":[{"name":"wp","href":"https:\/\/api.w.org\/{rel}","templated":true}]}}