{"id":4133,"date":"2021-04-28T00:12:25","date_gmt":"2021-04-28T03:12:25","guid":{"rendered":"https:\/\/www.ufsm.br\/orgaos-executivos\/caed\/?p=4133"},"modified":"2021-04-28T00:12:27","modified_gmt":"2021-04-28T03:12:27","slug":"melhorias-no-site-da-ufsm","status":"publish","type":"post","link":"https:\/\/www.ufsm.br\/pro-reitorias\/prograd\/caed\/2021\/04\/28\/melhorias-no-site-da-ufsm","title":{"rendered":"MELHORIAS NO SITE DA UFSM"},"content":{"rendered":"\n<p>A Universidade Federal de Santa Maria(UFSM)\/Coordenadoria de A\u00e7\u00f5es Educacionais(CAEd) soma-se \u00e0 divulga\u00e7\u00e3o das melhorias implementadas no site da UFSM.\u00a0<\/p>\n<p>Com a finalidade de melhorar a experi\u00eancia do usu\u00e1rio nos s\u00edtios da UFSM, o Centro de Processamento de Dados (CPD) e a Coordenadoria de Comunica\u00e7\u00e3o Social testaram e implantaram duas novidades nos s\u00edtios da institui\u00e7\u00e3o. Para melhor compreens\u00e3o, apresentaremos de forma esquem\u00e1tica:<\/p>\n<div dir=\"ltr\">\n<div dir=\"ltr\">\n<div dir=\"ltr\">\n<div dir=\"ltr\">\n<div dir=\"ltr\">\n<div>\u00a0<\/div>\n<div><b>1 &#8211;<\/b>\u00a0Inclus\u00e3o de\u00a0<span style=\"color: #ffffff\"><b>Publica\u00e7\u00f5es Relacionadas<\/b><\/span><\/div>\n<div><b>Onde:\u00a0<\/b>todos os s\u00edtios<\/div>\n<div><b><span style=\"color: #ffffff\">Finalidade<\/span>:\u00a0<\/b>diminuir a taxa de rejei\u00e7\u00e3o (percentual relacionado ao acesso a uma \u00fanica p\u00e1gina) a partir da oferta\u00a0de conte\u00fados similares para que o internauta permane\u00e7a mais tempo conectado ao portal<\/div>\n<div><b>Como funciona<\/b>: as publica\u00e7\u00f5es relacionadas s\u00e3o selecionadas a partir das &#8216;categorias&#8217; e das tags das not\u00edcias. Quando n\u00e3o h\u00e1 tags, a sele\u00e7\u00e3o ocorre somente a partir de categorias<\/div>\n<div><b>Como aparece no site<\/b>: tr\u00eas chamadas com imagens ao final da mat\u00e9ria. Se n\u00e3o houver imagem, aparecer\u00e3o apenas as chamadas\u00a0\u00a0<i>(confira imagens em anexo)<\/i><\/div>\n<div>\u00a0<\/div>\n<div>2 &#8211; Inclus\u00e3o de\u00a0<span style=\"color: #ffffff\"><b>linha fina<\/b><\/span><\/div>\n<div>\n<div><b>Onde:\u00a0<\/b>todos os s\u00edtios<\/div>\n<div><b><span style=\"color: #ffffff\">Finalidade<\/span>:\u00a0<\/b>complementar a chamada e ampliar os recursos de engenharia de busca (SEO) nos s\u00edtios, para, com isso, ranquear melhor no Google<\/div>\n<div><b>Como funciona<\/b>: no campo &#8216;resumo&#8217;, nas p\u00e1ginas para postar not\u00edcias do WordPress, localizado no canto inferior \u00e0 direita, o redator coloca o texto da linha fina\/linha de apoio\/subt\u00edtulo.\u00a0N\u00e3o \u00e9 necess\u00e1rio incluir outro item no Elementor ou outro bloco na vers\u00e3o Gutenberg do WordPress.<\/div>\n<div><b>Como aparece no site<\/b>: a linha fina fica logo abaixo o t\u00edtulo principal e tem peso de H2 no SEO, ou seja, o segundo mais importante para engenharia de busca para uma p\u00e1gina\u00a0<i>(confira imagem em anexo)<\/i><\/div>\n<div>\u00a0<\/div>\n<div>Aproveitamos para agradecer \u00e0 jornalista Luciane Treulieb pelas sugest\u00f5es e ao t\u00e9cnico em TI Daniel Muccillo\u00a0pela implementa\u00e7\u00e3o dos novos recursos.<\/div>\n<\/div>\n<\/div>\n<\/div>\n<\/div>\n<\/div>\n<\/div>\n","protected":false},"excerpt":{"rendered":"<p>A Universidade Federal de Santa Maria(UFSM)\/Coordenadoria de A\u00e7\u00f5es Educacionais(CAEd) soma-se \u00e0 divulga\u00e7\u00e3o das melhorias implementadas no site da UFSM.\u00a0 Com a finalidade de melhorar a experi\u00eancia do usu\u00e1rio nos s\u00edtios da UFSM, o Centro de Processamento de Dados (CPD) e a Coordenadoria de Comunica\u00e7\u00e3o Social testaram e implantaram duas novidades nos s\u00edtios da institui\u00e7\u00e3o. Para [&hellip;]<\/p>\n","protected":false},"author":252,"featured_media":0,"comment_status":"closed","ping_status":"closed","sticky":false,"template":"","format":"standard","meta":{"footnotes":""},"categories":[1],"tags":[],"class_list":["post-4133","post","type-post","status-publish","format-standard","hentry","category-sem-categoria"],"acf":[],"_links":{"self":[{"href":"https:\/\/www.ufsm.br\/pro-reitorias\/prograd\/caed\/wp-json\/wp\/v2\/posts\/4133","targetHints":{"allow":["GET"]}}],"collection":[{"href":"https:\/\/www.ufsm.br\/pro-reitorias\/prograd\/caed\/wp-json\/wp\/v2\/posts"}],"about":[{"href":"https:\/\/www.ufsm.br\/pro-reitorias\/prograd\/caed\/wp-json\/wp\/v2\/types\/post"}],"author":[{"embeddable":true,"href":"https:\/\/www.ufsm.br\/pro-reitorias\/prograd\/caed\/wp-json\/wp\/v2\/users\/252"}],"replies":[{"embeddable":true,"href":"https:\/\/www.ufsm.br\/pro-reitorias\/prograd\/caed\/wp-json\/wp\/v2\/comments?post=4133"}],"version-history":[{"count":0,"href":"https:\/\/www.ufsm.br\/pro-reitorias\/prograd\/caed\/wp-json\/wp\/v2\/posts\/4133\/revisions"}],"wp:attachment":[{"href":"https:\/\/www.ufsm.br\/pro-reitorias\/prograd\/caed\/wp-json\/wp\/v2\/media?parent=4133"}],"wp:term":[{"taxonomy":"category","embeddable":true,"href":"https:\/\/www.ufsm.br\/pro-reitorias\/prograd\/caed\/wp-json\/wp\/v2\/categories?post=4133"},{"taxonomy":"post_tag","embeddable":true,"href":"https:\/\/www.ufsm.br\/pro-reitorias\/prograd\/caed\/wp-json\/wp\/v2\/tags?post=4133"}],"curies":[{"name":"wp","href":"https:\/\/api.w.org\/{rel}","templated":true}]}}