{"id":4136,"date":"2021-04-28T00:23:15","date_gmt":"2021-04-28T03:23:15","guid":{"rendered":"https:\/\/www.ufsm.br\/orgaos-executivos\/caed\/?p=4136"},"modified":"2021-04-28T00:50:05","modified_gmt":"2021-04-28T03:50:05","slug":"calourada-2021-ii","status":"publish","type":"post","link":"https:\/\/www.ufsm.br\/pro-reitorias\/prograd\/caed\/2021\/04\/28\/calourada-2021-ii","title":{"rendered":"CALOURADA  &#8211; 2021 I"},"content":{"rendered":"\n<p>A Universidade Federal de Santa Maria(UFSM)\/Coordenadoria de A\u00e7\u00f5es Educacionais(CAEd) soma-se \u00e0 divulga\u00e7\u00e3o do evento<\/p>\n<div class=\"gmail_attr\" dir=\"ltr\"><a href=\"https:\/\/youtu.be\/fSId4a2lSws\" target=\"_blank\" rel=\"noopener\" data-saferedirecturl=\"https:\/\/www.google.com\/url?q=https:\/\/youtu.be\/fSId4a2lSws&amp;source=gmail&amp;ust=1619584895370000&amp;usg=AFQjCNGKJtq4AvMLn6YjDq0NSIlyzbkt5g\">No dia 18\/05\/21, \u00e0s 10h00min, ocorre as boas-vindas institucionais, com o Reitor, Pr\u00f3-reitor, DCE e Pr\u00f3-Reitorias (PROGRAD, PRAE, PRPGP e PRE)<\/a>. Nas demais datas e hor\u00e1rios, fica aberto para a programa\u00e7\u00e3o organizada pelas unidade de ensino.\u00a0<\/div>\n<div>\n<div>\u00a0<\/div>\n<\/div>\n<div>Maiores informa\u00e7\u00f5es podem ser conferidas na <a href=\"https:\/\/www.ufsm.br\/pro-reitorias\/prae\/calourada\/\" target=\"_blank\" rel=\"noopener\" data-saferedirecturl=\"https:\/\/www.google.com\/url?q=https:\/\/www.ufsm.br\/pro-reitorias\/prae\/calourada\/&amp;source=gmail&amp;ust=1619584895371000&amp;usg=AFQjCNGJ47MDU9vG1INEvWiJX4Ko8kR_Ow\">P\u00e1gina da Calourada<\/a> e em\u00a0<a href=\"https:\/\/www.ufsm.br\/eventos\/calourada2021-1\/\" target=\"_blank\" rel=\"noopener\" data-saferedirecturl=\"https:\/\/www.google.com\/url?q=https:\/\/www.ufsm.br\/eventos\/calourada2021-1\/&amp;source=gmail&amp;ust=1619584895371000&amp;usg=AFQjCNHp4boCWrQOz04cScHM56PHYdxlcw\">Evento da Calourada.<\/a><\/div>\n","protected":false},"excerpt":{"rendered":"<p>A Universidade Federal de Santa Maria(UFSM)\/Coordenadoria de A\u00e7\u00f5es Educacionais(CAEd) soma-se \u00e0 divulga\u00e7\u00e3o do evento No dia 18\/05\/21, \u00e0s 10h00min, ocorre as boas-vindas institucionais, com o Reitor, Pr\u00f3-reitor, DCE e Pr\u00f3-Reitorias (PROGRAD, PRAE, PRPGP e PRE). Nas demais datas e hor\u00e1rios, fica aberto para a programa\u00e7\u00e3o organizada pelas unidade de ensino.\u00a0 \u00a0 Maiores informa\u00e7\u00f5es podem ser [&hellip;]<\/p>\n","protected":false},"author":252,"featured_media":0,"comment_status":"closed","ping_status":"closed","sticky":false,"template":"","format":"standard","meta":{"footnotes":""},"categories":[1],"tags":[],"class_list":["post-4136","post","type-post","status-publish","format-standard","hentry","category-sem-categoria"],"acf":[],"_links":{"self":[{"href":"https:\/\/www.ufsm.br\/pro-reitorias\/prograd\/caed\/wp-json\/wp\/v2\/posts\/4136","targetHints":{"allow":["GET"]}}],"collection":[{"href":"https:\/\/www.ufsm.br\/pro-reitorias\/prograd\/caed\/wp-json\/wp\/v2\/posts"}],"about":[{"href":"https:\/\/www.ufsm.br\/pro-reitorias\/prograd\/caed\/wp-json\/wp\/v2\/types\/post"}],"author":[{"embeddable":true,"href":"https:\/\/www.ufsm.br\/pro-reitorias\/prograd\/caed\/wp-json\/wp\/v2\/users\/252"}],"replies":[{"embeddable":true,"href":"https:\/\/www.ufsm.br\/pro-reitorias\/prograd\/caed\/wp-json\/wp\/v2\/comments?post=4136"}],"version-history":[{"count":0,"href":"https:\/\/www.ufsm.br\/pro-reitorias\/prograd\/caed\/wp-json\/wp\/v2\/posts\/4136\/revisions"}],"wp:attachment":[{"href":"https:\/\/www.ufsm.br\/pro-reitorias\/prograd\/caed\/wp-json\/wp\/v2\/media?parent=4136"}],"wp:term":[{"taxonomy":"category","embeddable":true,"href":"https:\/\/www.ufsm.br\/pro-reitorias\/prograd\/caed\/wp-json\/wp\/v2\/categories?post=4136"},{"taxonomy":"post_tag","embeddable":true,"href":"https:\/\/www.ufsm.br\/pro-reitorias\/prograd\/caed\/wp-json\/wp\/v2\/tags?post=4136"}],"curies":[{"name":"wp","href":"https:\/\/api.w.org\/{rel}","templated":true}]}}