{"id":4137,"date":"2021-04-28T00:30:20","date_gmt":"2021-04-28T03:30:20","guid":{"rendered":"https:\/\/www.ufsm.br\/orgaos-executivos\/caed\/?p=4137"},"modified":"2021-04-28T00:30:21","modified_gmt":"2021-04-28T03:30:21","slug":"rankings-the-e-igc-qualidade-da-ufsm-perante-o-brasil-e-o-mundo","status":"publish","type":"post","link":"https:\/\/www.ufsm.br\/pro-reitorias\/prograd\/caed\/2021\/04\/28\/rankings-the-e-igc-qualidade-da-ufsm-perante-o-brasil-e-o-mundo","title":{"rendered":"RANKINGS THE E IGC &#8211; QUALIDADE DA UFSM PERANTE O BRASIL E O MUNDO"},"content":{"rendered":"\n<p>A Universidade Federal de Santa Maria(UFSM)\/Coordenadoria de A\u00e7\u00f5es Educacionais(CAEd) soma-se \u00e0 divulga\u00e7\u00e3o do destaque recebido pela UFSM em dois importantes rankings mundiais, que mensuram a qualidade das universidades.\u00a0<\/p>\n<p>Maiores informa\u00e7\u00f5es podem ser conferidas em \u00a0<a href=\"https:\/\/www.ufsm.br\/2021\/04\/22\/ufsm-se-destaca-em-ranking-britanico-que-avalia-o-impacto-social-e-economico-das-universidades\/\" target=\"_blank\" rel=\"noopener\" data-saferedirecturl=\"https:\/\/www.google.com\/url?q=https:\/\/www.ufsm.br\/2021\/04\/22\/ufsm-se-destaca-em-ranking-britanico-que-avalia-o-impacto-social-e-economico-das-universidades\/&amp;source=gmail&amp;ust=1619584895370000&amp;usg=AFQjCNFsFo7GAu2XaMAs15E_XDUQt_9viQ\">Ranking THE<\/a>\u00a0e\u00a0<a href=\"https:\/\/www.ufsm.br\/2021\/04\/23\/ufsm-esta-entre-as-24-melhores-instituicoes-de-ensino-do-pais-segundo-igc\/\" target=\"_blank\" rel=\"noopener\" data-saferedirecturl=\"https:\/\/www.google.com\/url?q=https:\/\/www.ufsm.br\/2021\/04\/23\/ufsm-esta-entre-as-24-melhores-instituicoes-de-ensino-do-pais-segundo-igc\/&amp;source=gmail&amp;ust=1619584895370000&amp;usg=AFQjCNEa2Xx-otgNlesnR3jd_7zUQx4zVQ\">Ranking IGC<\/a>.<\/p>\n","protected":false},"excerpt":{"rendered":"<p>A Universidade Federal de Santa Maria(UFSM)\/Coordenadoria de A\u00e7\u00f5es Educacionais(CAEd) soma-se \u00e0 divulga\u00e7\u00e3o do destaque recebido pela UFSM em dois importantes rankings mundiais, que mensuram a qualidade das universidades.\u00a0 Maiores informa\u00e7\u00f5es podem ser conferidas em \u00a0Ranking THE\u00a0e\u00a0Ranking IGC.<\/p>\n","protected":false},"author":252,"featured_media":0,"comment_status":"closed","ping_status":"closed","sticky":false,"template":"","format":"standard","meta":{"footnotes":""},"categories":[1],"tags":[],"class_list":["post-4137","post","type-post","status-publish","format-standard","hentry","category-sem-categoria"],"acf":[],"_links":{"self":[{"href":"https:\/\/www.ufsm.br\/pro-reitorias\/prograd\/caed\/wp-json\/wp\/v2\/posts\/4137","targetHints":{"allow":["GET"]}}],"collection":[{"href":"https:\/\/www.ufsm.br\/pro-reitorias\/prograd\/caed\/wp-json\/wp\/v2\/posts"}],"about":[{"href":"https:\/\/www.ufsm.br\/pro-reitorias\/prograd\/caed\/wp-json\/wp\/v2\/types\/post"}],"author":[{"embeddable":true,"href":"https:\/\/www.ufsm.br\/pro-reitorias\/prograd\/caed\/wp-json\/wp\/v2\/users\/252"}],"replies":[{"embeddable":true,"href":"https:\/\/www.ufsm.br\/pro-reitorias\/prograd\/caed\/wp-json\/wp\/v2\/comments?post=4137"}],"version-history":[{"count":0,"href":"https:\/\/www.ufsm.br\/pro-reitorias\/prograd\/caed\/wp-json\/wp\/v2\/posts\/4137\/revisions"}],"wp:attachment":[{"href":"https:\/\/www.ufsm.br\/pro-reitorias\/prograd\/caed\/wp-json\/wp\/v2\/media?parent=4137"}],"wp:term":[{"taxonomy":"category","embeddable":true,"href":"https:\/\/www.ufsm.br\/pro-reitorias\/prograd\/caed\/wp-json\/wp\/v2\/categories?post=4137"},{"taxonomy":"post_tag","embeddable":true,"href":"https:\/\/www.ufsm.br\/pro-reitorias\/prograd\/caed\/wp-json\/wp\/v2\/tags?post=4137"}],"curies":[{"name":"wp","href":"https:\/\/api.w.org\/{rel}","templated":true}]}}