{"id":4138,"date":"2021-04-28T00:33:16","date_gmt":"2021-04-28T03:33:16","guid":{"rendered":"https:\/\/www.ufsm.br\/orgaos-executivos\/caed\/?p=4138"},"modified":"2021-04-28T00:33:18","modified_gmt":"2021-04-28T03:33:18","slug":"novo-prazo-para-avaliacao-do-segundo-semestre-letivo-de-2020-na-ufsm","status":"publish","type":"post","link":"https:\/\/www.ufsm.br\/pro-reitorias\/prograd\/caed\/2021\/04\/28\/novo-prazo-para-avaliacao-do-segundo-semestre-letivo-de-2020-na-ufsm","title":{"rendered":"NOVO PRAZO PARA AVALIA\u00c7\u00c3O DO SEGUNDO SEMESTRE LETIVO DE 2020 NA UFSM"},"content":{"rendered":"\n<p>A Universidade Federal de Santa Maria(UFSM)\/Coordenadoria de A\u00e7\u00f5es Educacionais(CAEd) soma-se \u00e0 divulga\u00e7\u00e3o de novo prazo para avalia\u00e7\u00e3o do segundo semestre letivo de 2020.\u00a0<\/p>\n<p>Maiores informa\u00e7\u00f5es em <a href=\"https:\/\/www.ufsm.br\/2021\/03\/18\/professores-e-estudantes-avaliam-o-2o-semestre-de-2020-2\/\">https:\/\/www.ufsm.br\/2021\/03\/18\/professores-e-estudantes-avaliam-o-2o-semestre-de-2020-2\/<\/a><\/p>\n","protected":false},"excerpt":{"rendered":"<p>A Universidade Federal de Santa Maria(UFSM)\/Coordenadoria de A\u00e7\u00f5es Educacionais(CAEd) soma-se \u00e0 divulga\u00e7\u00e3o de novo prazo para avalia\u00e7\u00e3o do segundo semestre letivo de 2020.\u00a0 Maiores informa\u00e7\u00f5es em https:\/\/www.ufsm.br\/2021\/03\/18\/professores-e-estudantes-avaliam-o-2o-semestre-de-2020-2\/<\/p>\n","protected":false},"author":252,"featured_media":0,"comment_status":"closed","ping_status":"closed","sticky":false,"template":"","format":"standard","meta":{"footnotes":""},"categories":[1],"tags":[],"class_list":["post-4138","post","type-post","status-publish","format-standard","hentry","category-sem-categoria"],"acf":[],"_links":{"self":[{"href":"https:\/\/www.ufsm.br\/pro-reitorias\/prograd\/caed\/wp-json\/wp\/v2\/posts\/4138","targetHints":{"allow":["GET"]}}],"collection":[{"href":"https:\/\/www.ufsm.br\/pro-reitorias\/prograd\/caed\/wp-json\/wp\/v2\/posts"}],"about":[{"href":"https:\/\/www.ufsm.br\/pro-reitorias\/prograd\/caed\/wp-json\/wp\/v2\/types\/post"}],"author":[{"embeddable":true,"href":"https:\/\/www.ufsm.br\/pro-reitorias\/prograd\/caed\/wp-json\/wp\/v2\/users\/252"}],"replies":[{"embeddable":true,"href":"https:\/\/www.ufsm.br\/pro-reitorias\/prograd\/caed\/wp-json\/wp\/v2\/comments?post=4138"}],"version-history":[{"count":0,"href":"https:\/\/www.ufsm.br\/pro-reitorias\/prograd\/caed\/wp-json\/wp\/v2\/posts\/4138\/revisions"}],"wp:attachment":[{"href":"https:\/\/www.ufsm.br\/pro-reitorias\/prograd\/caed\/wp-json\/wp\/v2\/media?parent=4138"}],"wp:term":[{"taxonomy":"category","embeddable":true,"href":"https:\/\/www.ufsm.br\/pro-reitorias\/prograd\/caed\/wp-json\/wp\/v2\/categories?post=4138"},{"taxonomy":"post_tag","embeddable":true,"href":"https:\/\/www.ufsm.br\/pro-reitorias\/prograd\/caed\/wp-json\/wp\/v2\/tags?post=4138"}],"curies":[{"name":"wp","href":"https:\/\/api.w.org\/{rel}","templated":true}]}}