{"id":4139,"date":"2021-04-28T00:38:31","date_gmt":"2021-04-28T03:38:31","guid":{"rendered":"https:\/\/www.ufsm.br\/orgaos-executivos\/caed\/?p=4139"},"modified":"2021-04-28T00:38:32","modified_gmt":"2021-04-28T03:38:32","slug":"lancamento-do-mapa-de-extensao","status":"publish","type":"post","link":"https:\/\/www.ufsm.br\/pro-reitorias\/prograd\/caed\/2021\/04\/28\/lancamento-do-mapa-de-extensao","title":{"rendered":"LAN\u00c7AMENTO DO &#8220;MAPA DE EXTENS\u00c3O&#8221;"},"content":{"rendered":"\n<p>A Universidade Federal de Santa Maria(UFSM)\/Coordenadoria de A\u00e7\u00f5es Educacionais(CAEd) soma-se \u00e0 divulga\u00e7\u00e3o do lan\u00e7amento do &#8220;Mapa de Extens\u00e3o&#8221;.<\/p>\n<p>A Pr\u00f3-Reitoria de Extens\u00e3o (PRE) lan\u00e7a nesta semana o Mapa das A\u00e7\u00f5es de Extens\u00e3o da UFSM, que mostra o impacto da UFSM na sociedade. O evento on-line ocorre no dia 29 de abril de 2021, quinta-feira, \u00e0s 09h00min, no <a href=\"https:\/\/www.youtube.com\/channel\/UCZo0Npm8Cw0mvIq8CtZnMzw\" target=\"_blank\" rel=\"noopener\" data-saferedirecturl=\"https:\/\/www.google.com\/url?q=https:\/\/www.youtube.com\/channel\/UCZo0Npm8Cw0mvIq8CtZnMzw&amp;source=gmail&amp;ust=1619584895370000&amp;usg=AFQjCNEkl3OeNtkzZIO9WbhTaLkn_Aikeg\">YouTube da PRE<\/a>.\u00a0<\/p>\n<p>Maiores informa\u00e7\u00f5es em <a href=\"_wp_link_placeholder\" data-wplink-edit=\"true\">https:\/\/www.ufsm.br\/2021\/04\/20\/mapa-da-extensao-ufsm-2021-sera-lancado-na-proxima-semana\/<\/a><\/p>\n","protected":false},"excerpt":{"rendered":"<p>A Universidade Federal de Santa Maria(UFSM)\/Coordenadoria de A\u00e7\u00f5es Educacionais(CAEd) soma-se \u00e0 divulga\u00e7\u00e3o do lan\u00e7amento do &#8220;Mapa de Extens\u00e3o&#8221;. A Pr\u00f3-Reitoria de Extens\u00e3o (PRE) lan\u00e7a nesta semana o Mapa das A\u00e7\u00f5es de Extens\u00e3o da UFSM, que mostra o impacto da UFSM na sociedade. O evento on-line ocorre no dia 29 de abril de 2021, quinta-feira, \u00e0s [&hellip;]<\/p>\n","protected":false},"author":252,"featured_media":0,"comment_status":"closed","ping_status":"closed","sticky":false,"template":"","format":"standard","meta":{"footnotes":""},"categories":[1],"tags":[],"class_list":["post-4139","post","type-post","status-publish","format-standard","hentry","category-sem-categoria"],"acf":[],"_links":{"self":[{"href":"https:\/\/www.ufsm.br\/pro-reitorias\/prograd\/caed\/wp-json\/wp\/v2\/posts\/4139","targetHints":{"allow":["GET"]}}],"collection":[{"href":"https:\/\/www.ufsm.br\/pro-reitorias\/prograd\/caed\/wp-json\/wp\/v2\/posts"}],"about":[{"href":"https:\/\/www.ufsm.br\/pro-reitorias\/prograd\/caed\/wp-json\/wp\/v2\/types\/post"}],"author":[{"embeddable":true,"href":"https:\/\/www.ufsm.br\/pro-reitorias\/prograd\/caed\/wp-json\/wp\/v2\/users\/252"}],"replies":[{"embeddable":true,"href":"https:\/\/www.ufsm.br\/pro-reitorias\/prograd\/caed\/wp-json\/wp\/v2\/comments?post=4139"}],"version-history":[{"count":0,"href":"https:\/\/www.ufsm.br\/pro-reitorias\/prograd\/caed\/wp-json\/wp\/v2\/posts\/4139\/revisions"}],"wp:attachment":[{"href":"https:\/\/www.ufsm.br\/pro-reitorias\/prograd\/caed\/wp-json\/wp\/v2\/media?parent=4139"}],"wp:term":[{"taxonomy":"category","embeddable":true,"href":"https:\/\/www.ufsm.br\/pro-reitorias\/prograd\/caed\/wp-json\/wp\/v2\/categories?post=4139"},{"taxonomy":"post_tag","embeddable":true,"href":"https:\/\/www.ufsm.br\/pro-reitorias\/prograd\/caed\/wp-json\/wp\/v2\/tags?post=4139"}],"curies":[{"name":"wp","href":"https:\/\/api.w.org\/{rel}","templated":true}]}}