{"id":4140,"date":"2021-04-28T00:41:48","date_gmt":"2021-04-28T03:41:48","guid":{"rendered":"https:\/\/www.ufsm.br\/orgaos-executivos\/caed\/?p=4140"},"modified":"2021-04-28T00:43:41","modified_gmt":"2021-04-28T03:43:41","slug":"resilieight-projeto-covid-psiq-lanca-projeto-de-promocao-da-resiliencia-no-periodo-da-pandemia","status":"publish","type":"post","link":"https:\/\/www.ufsm.br\/pro-reitorias\/prograd\/caed\/2021\/04\/28\/resilieight-projeto-covid-psiq-lanca-projeto-de-promocao-da-resiliencia-no-periodo-da-pandemia","title":{"rendered":"RESILIEIGHT &#8211; PROJETO COVID PSIQ LAN\u00c7A PROJETO DE PROMO\u00c7\u00c3O DA RESILI\u00caNCIA NO PER\u00cdODO DA PANDEMIA"},"content":{"rendered":"\n<p>A Universidade Federal de Santa Maria(UFSM)\/Coordenadoria de A\u00e7\u00f5es Educacionais(CAEd) divulga o projeto RESILIEIGHT.\u00a0<\/p>\n<p>O projeto CovidPsiq finalizou a quarta rodada de pesquisa sobre sa\u00fade mental na pandemia e lan\u00e7ou 08 dicas para manter a resili\u00eancia neste per\u00edodo.<\/p>\n<p>Maiores informa\u00e7\u00f5es em <a href=\"https:\/\/www.covidpsiq.org\/resili\">https:\/\/www.covidpsiq.org\/resili<\/a><\/p>\n","protected":false},"excerpt":{"rendered":"<p>A Universidade Federal de Santa Maria(UFSM)\/Coordenadoria de A\u00e7\u00f5es Educacionais(CAEd) divulga o projeto RESILIEIGHT.\u00a0 O projeto CovidPsiq finalizou a quarta rodada de pesquisa sobre sa\u00fade mental na pandemia e lan\u00e7ou 08 dicas para manter a resili\u00eancia neste per\u00edodo. Maiores informa\u00e7\u00f5es em https:\/\/www.covidpsiq.org\/resili<\/p>\n","protected":false},"author":252,"featured_media":0,"comment_status":"closed","ping_status":"closed","sticky":false,"template":"","format":"standard","meta":{"footnotes":""},"categories":[1],"tags":[],"class_list":["post-4140","post","type-post","status-publish","format-standard","hentry","category-sem-categoria"],"acf":[],"_links":{"self":[{"href":"https:\/\/www.ufsm.br\/pro-reitorias\/prograd\/caed\/wp-json\/wp\/v2\/posts\/4140","targetHints":{"allow":["GET"]}}],"collection":[{"href":"https:\/\/www.ufsm.br\/pro-reitorias\/prograd\/caed\/wp-json\/wp\/v2\/posts"}],"about":[{"href":"https:\/\/www.ufsm.br\/pro-reitorias\/prograd\/caed\/wp-json\/wp\/v2\/types\/post"}],"author":[{"embeddable":true,"href":"https:\/\/www.ufsm.br\/pro-reitorias\/prograd\/caed\/wp-json\/wp\/v2\/users\/252"}],"replies":[{"embeddable":true,"href":"https:\/\/www.ufsm.br\/pro-reitorias\/prograd\/caed\/wp-json\/wp\/v2\/comments?post=4140"}],"version-history":[{"count":0,"href":"https:\/\/www.ufsm.br\/pro-reitorias\/prograd\/caed\/wp-json\/wp\/v2\/posts\/4140\/revisions"}],"wp:attachment":[{"href":"https:\/\/www.ufsm.br\/pro-reitorias\/prograd\/caed\/wp-json\/wp\/v2\/media?parent=4140"}],"wp:term":[{"taxonomy":"category","embeddable":true,"href":"https:\/\/www.ufsm.br\/pro-reitorias\/prograd\/caed\/wp-json\/wp\/v2\/categories?post=4140"},{"taxonomy":"post_tag","embeddable":true,"href":"https:\/\/www.ufsm.br\/pro-reitorias\/prograd\/caed\/wp-json\/wp\/v2\/tags?post=4140"}],"curies":[{"name":"wp","href":"https:\/\/api.w.org\/{rel}","templated":true}]}}