{"id":4145,"date":"2021-05-03T21:33:17","date_gmt":"2021-05-04T00:33:17","guid":{"rendered":"https:\/\/www.ufsm.br\/orgaos-executivos\/caed\/?p=4145"},"modified":"2021-05-03T21:33:18","modified_gmt":"2021-05-04T00:33:18","slug":"inovacao-alem-do-arco","status":"publish","type":"post","link":"https:\/\/www.ufsm.br\/pro-reitorias\/prograd\/caed\/2021\/05\/03\/inovacao-alem-do-arco","title":{"rendered":"INOVA\u00c7\u00c3O AL\u00c9M DO ARCO"},"content":{"rendered":"\n<p>A Universidade Federal de Santa Maria(UFSM)\/Coordenadoria de A\u00e7\u00f5es Educacionais(CAEd) soma-se \u00e0 divulga\u00e7\u00e3o das a\u00e7\u00f5es de inova\u00e7\u00e3o.\u00a0<\/p>\n<p>Maiores informa\u00e7\u00f5es no\u00a0<a href=\"https:\/\/www.ufsm.br\/orgaos-executivos\/agittec\/\" target=\"_blank\" rel=\"noopener\" data-saferedirecturl=\"https:\/\/www.google.com\/url?q=https:\/\/www.ufsm.br\/orgaos-executivos\/agittec\/&amp;source=gmail&amp;ust=1620148408879000&amp;usg=AFQjCNHGqL1HA2l5nnDA3eYcYJPrSxJ94Q\">site da Agittec<\/a>\u00a0e v\u00eddeos no\u00a0<a href=\"https:\/\/www.youtube.com\/channel\/UCIB6UR3XZMvJHAFyCCnmXzA\" target=\"_blank\" rel=\"noopener\" data-saferedirecturl=\"https:\/\/www.google.com\/url?q=https:\/\/www.youtube.com\/channel\/UCIB6UR3XZMvJHAFyCCnmXzA&amp;source=gmail&amp;ust=1620148408879000&amp;usg=AFQjCNGKsMlKZZcEsB21NLCNpq3dIdRtpw\">YouTube da Agittec<\/a>.<\/p>\n<div>\u00a0<\/div>\n","protected":false},"excerpt":{"rendered":"<p>A Universidade Federal de Santa Maria(UFSM)\/Coordenadoria de A\u00e7\u00f5es Educacionais(CAEd) soma-se \u00e0 divulga\u00e7\u00e3o das a\u00e7\u00f5es de inova\u00e7\u00e3o.\u00a0 Maiores informa\u00e7\u00f5es no\u00a0site da Agittec\u00a0e v\u00eddeos no\u00a0YouTube da Agittec. \u00a0<\/p>\n","protected":false},"author":252,"featured_media":0,"comment_status":"closed","ping_status":"closed","sticky":false,"template":"","format":"standard","meta":{"footnotes":""},"categories":[1],"tags":[],"class_list":["post-4145","post","type-post","status-publish","format-standard","hentry","category-sem-categoria"],"acf":[],"_links":{"self":[{"href":"https:\/\/www.ufsm.br\/pro-reitorias\/prograd\/caed\/wp-json\/wp\/v2\/posts\/4145","targetHints":{"allow":["GET"]}}],"collection":[{"href":"https:\/\/www.ufsm.br\/pro-reitorias\/prograd\/caed\/wp-json\/wp\/v2\/posts"}],"about":[{"href":"https:\/\/www.ufsm.br\/pro-reitorias\/prograd\/caed\/wp-json\/wp\/v2\/types\/post"}],"author":[{"embeddable":true,"href":"https:\/\/www.ufsm.br\/pro-reitorias\/prograd\/caed\/wp-json\/wp\/v2\/users\/252"}],"replies":[{"embeddable":true,"href":"https:\/\/www.ufsm.br\/pro-reitorias\/prograd\/caed\/wp-json\/wp\/v2\/comments?post=4145"}],"version-history":[{"count":0,"href":"https:\/\/www.ufsm.br\/pro-reitorias\/prograd\/caed\/wp-json\/wp\/v2\/posts\/4145\/revisions"}],"wp:attachment":[{"href":"https:\/\/www.ufsm.br\/pro-reitorias\/prograd\/caed\/wp-json\/wp\/v2\/media?parent=4145"}],"wp:term":[{"taxonomy":"category","embeddable":true,"href":"https:\/\/www.ufsm.br\/pro-reitorias\/prograd\/caed\/wp-json\/wp\/v2\/categories?post=4145"},{"taxonomy":"post_tag","embeddable":true,"href":"https:\/\/www.ufsm.br\/pro-reitorias\/prograd\/caed\/wp-json\/wp\/v2\/tags?post=4145"}],"curies":[{"name":"wp","href":"https:\/\/api.w.org\/{rel}","templated":true}]}}