{"id":4146,"date":"2021-05-03T21:38:09","date_gmt":"2021-05-04T00:38:09","guid":{"rendered":"https:\/\/www.ufsm.br\/orgaos-executivos\/caed\/?p=4146"},"modified":"2021-05-03T21:38:11","modified_gmt":"2021-05-04T00:38:11","slug":"calourada-ufsm-primeiro-semestre-de-2021","status":"publish","type":"post","link":"https:\/\/www.ufsm.br\/pro-reitorias\/prograd\/caed\/2021\/05\/03\/calourada-ufsm-primeiro-semestre-de-2021","title":{"rendered":"CALOURADA UFSM &#8211; PRIMEIRO SEMESTRE DE 2021"},"content":{"rendered":"\n<p>A Universidade Federal de Santa Maria(UFSM)\/Coordenadoria de A\u00e7\u00f5es Educacionais(CAEd) soma-se \u00e0 divulga\u00e7\u00e3o da Calourada UFSM\/2021-I, que ocorrer\u00e1 de 18 a 21 de maio de 2021.\u00a0<\/p>\n<p><a href=\"https:\/\/youtu.be\/fSId4a2lSws\" target=\"_blank\" rel=\"noopener\" data-saferedirecturl=\"https:\/\/www.google.com\/url?q=https:\/\/youtu.be\/fSId4a2lSws&amp;source=gmail&amp;ust=1620148408879000&amp;usg=AFQjCNE1aHUldGUPzScqQFTK063ezePcmg\">No dia 18\/05\/21, \u00e0s 10h00min, ocorre as boas-vindas institucionais, com Reitor, Pr\u00f3-reitor, DCE e Pr\u00f3-reitorias (PROGRAD, PRAE, PRPGP e PRE)<\/a>. Nas demais datas e hor\u00e1rios, fica aberta para a programa\u00e7\u00e3o organizada pelas Unidade de Ensino.\u00a0<\/p>\n<div>\n<div>Maiores informa\u00e7\u00f5es podem ser acessadas nos links a seguir:<\/div>\n<div>\u00a0<\/div>\n<\/div>\n<div>&#8211;\u00a0<a href=\"https:\/\/www.ufsm.br\/pro-reitorias\/prae\/calourada\/\" target=\"_blank\" rel=\"noopener\" data-saferedirecturl=\"https:\/\/www.google.com\/url?q=https:\/\/www.ufsm.br\/pro-reitorias\/prae\/calourada\/&amp;source=gmail&amp;ust=1620148408879000&amp;usg=AFQjCNFILqNYpG7ZzBkXAyUpNPP4DWzWvQ\">P\u00e1gina da Calourada<\/a><\/div>\n<div>&#8211;\u00a0<a href=\"https:\/\/www.ufsm.br\/eventos\/calourada2021-1\/\" target=\"_blank\" rel=\"noopener\" data-saferedirecturl=\"https:\/\/www.google.com\/url?q=https:\/\/www.ufsm.br\/eventos\/calourada2021-1\/&amp;source=gmail&amp;ust=1620148408879000&amp;usg=AFQjCNECU30_cZPY4gyfruSgC_pZxhNbbA\">Evento da Calourada no site<\/a>\u00a0(usando a tag\u00a0calourada2021-1 nas mat\u00e9rias, elas entram automaticamente na p\u00e1gina do evento)<\/div>\n<div>&#8211;\u00a0<a href=\"https:\/\/www.facebook.com\/events\/513877159617578\/\" target=\"_blank\" rel=\"noopener\" data-saferedirecturl=\"https:\/\/www.google.com\/url?q=https:\/\/www.facebook.com\/events\/513877159617578\/&amp;source=gmail&amp;ust=1620148408879000&amp;usg=AFQjCNGSVwfVwc-YoDYb9bMEuj6xgsoRaQ\">Evento da Calourada no Facebook<\/a>\u00a0(aceitem a coorganiza\u00e7\u00e3o)<\/div>\n","protected":false},"excerpt":{"rendered":"<p>A Universidade Federal de Santa Maria(UFSM)\/Coordenadoria de A\u00e7\u00f5es Educacionais(CAEd) soma-se \u00e0 divulga\u00e7\u00e3o da Calourada UFSM\/2021-I, que ocorrer\u00e1 de 18 a 21 de maio de 2021.\u00a0 No dia 18\/05\/21, \u00e0s 10h00min, ocorre as boas-vindas institucionais, com Reitor, Pr\u00f3-reitor, DCE e Pr\u00f3-reitorias (PROGRAD, PRAE, PRPGP e PRE). Nas demais datas e hor\u00e1rios, fica aberta para a programa\u00e7\u00e3o [&hellip;]<\/p>\n","protected":false},"author":252,"featured_media":0,"comment_status":"closed","ping_status":"closed","sticky":false,"template":"","format":"standard","meta":{"footnotes":""},"categories":[1],"tags":[],"class_list":["post-4146","post","type-post","status-publish","format-standard","hentry","category-sem-categoria"],"acf":[],"_links":{"self":[{"href":"https:\/\/www.ufsm.br\/pro-reitorias\/prograd\/caed\/wp-json\/wp\/v2\/posts\/4146","targetHints":{"allow":["GET"]}}],"collection":[{"href":"https:\/\/www.ufsm.br\/pro-reitorias\/prograd\/caed\/wp-json\/wp\/v2\/posts"}],"about":[{"href":"https:\/\/www.ufsm.br\/pro-reitorias\/prograd\/caed\/wp-json\/wp\/v2\/types\/post"}],"author":[{"embeddable":true,"href":"https:\/\/www.ufsm.br\/pro-reitorias\/prograd\/caed\/wp-json\/wp\/v2\/users\/252"}],"replies":[{"embeddable":true,"href":"https:\/\/www.ufsm.br\/pro-reitorias\/prograd\/caed\/wp-json\/wp\/v2\/comments?post=4146"}],"version-history":[{"count":0,"href":"https:\/\/www.ufsm.br\/pro-reitorias\/prograd\/caed\/wp-json\/wp\/v2\/posts\/4146\/revisions"}],"wp:attachment":[{"href":"https:\/\/www.ufsm.br\/pro-reitorias\/prograd\/caed\/wp-json\/wp\/v2\/media?parent=4146"}],"wp:term":[{"taxonomy":"category","embeddable":true,"href":"https:\/\/www.ufsm.br\/pro-reitorias\/prograd\/caed\/wp-json\/wp\/v2\/categories?post=4146"},{"taxonomy":"post_tag","embeddable":true,"href":"https:\/\/www.ufsm.br\/pro-reitorias\/prograd\/caed\/wp-json\/wp\/v2\/tags?post=4146"}],"curies":[{"name":"wp","href":"https:\/\/api.w.org\/{rel}","templated":true}]}}