{"id":4156,"date":"2021-05-06T18:45:21","date_gmt":"2021-05-06T21:45:21","guid":{"rendered":"https:\/\/www.ufsm.br\/orgaos-executivos\/caed\/?p=4156"},"modified":"2021-05-06T18:49:20","modified_gmt":"2021-05-06T21:49:20","slug":"entrevista-com-o-medico-psiquiatra-da-caed-dr-vitor-crestani-calegaro-no-programa-direto-da-redacao-3a-edicao","status":"publish","type":"post","link":"https:\/\/www.ufsm.br\/pro-reitorias\/prograd\/caed\/2021\/05\/06\/entrevista-com-o-medico-psiquiatra-da-caed-dr-vitor-crestani-calegaro-no-programa-direto-da-redacao-3a-edicao","title":{"rendered":"ENTREVISTA COM O M\u00c9DICO PSIQUIATRA DA CAEd, Dr. VITOR CRESTANI CALEGARO, NO PROGRAMA &#8220;DIRETO DA REDA\u00c7\u00c3O&#8221;, 3\u00aa EDI\u00c7\u00c3O"},"content":{"rendered":"\n<div class=\"o9v6fnle cxmmr5t8 oygrvhab hcukyx3x c1et5uql ii04i59q\">\n<div dir=\"auto\">A Universidade Federal de Santa Maria(UFSM)\/Coordenadoria de A\u00e7\u00f5es Educacionais(CAEd) divulga a entrevista do m\u00e9dico psiquiatra da CAEd, Dr. Vitor Crestani Calegaro, no programa &#8220;Direto da Reda\u00e7\u00e3o&#8221; &#8211; 3\u00aa Edi\u00e7\u00e3o, na data de 04 de maio de 2021.<\/div>\n<div dir=\"auto\">\u00a0<\/div>\n<div dir=\"auto\">A entrevista pode ser conferida, a partir dos 6&#8217;8&#8243;, no link abaixo:<\/div>\n<div dir=\"auto\">\u00a0<\/div>\n<\/div>\n<div class=\"o9v6fnle cxmmr5t8 oygrvhab hcukyx3x c1et5uql ii04i59q\">\n<div dir=\"auto\"><a class=\"oajrlxb2 g5ia77u1 qu0x051f esr5mh6w e9989ue4 r7d6kgcz rq0escxv nhd2j8a9 nc684nl6 p7hjln8o kvgmc6g5 cxmmr5t8 oygrvhab hcukyx3x jb3vyjys rz4wbd8a qt6c0cv9 a8nywdso i1ao9s8h esuyzwwr f1sip0of lzcic4wl oo9gr5id gpro0wi8 lrazzd5p\" role=\"link\" href=\"https:\/\/www.facebook.com\/diariodesantamaria\/videos\/263329582191299\/?__cft__[0]=AZWvXoKanrhBi9TlPRXe_mr-547GyQi5ZnJWjhDfBr-oQ-JAdMr4SH99dRLTPvlIjNLYf0D95qFwS0uhhrLjhJeHjAKsKZARDhp7oCETETtZjN0qldClNosh9kVbkXkbVBwnyA6vHlQr8bWxGxTcofICYqEs59YhRZX_q_AFlH1LXA0UdapFju6A6NO55r4MUaRUXzNYPBThnT2l197bY8PQ8cqpbdFZMCbp7yg41TRxlg&amp;__tn__=-UK-R\">https:\/\/www.facebook.com\/watch\/live\/?v=263329582191299&amp;ref=watch_permalink<\/a><\/div>\n<\/div>\n","protected":false},"excerpt":{"rendered":"<p>A Universidade Federal de Santa Maria(UFSM)\/Coordenadoria de A\u00e7\u00f5es Educacionais(CAEd) divulga a entrevista do m\u00e9dico psiquiatra da CAEd, Dr. Vitor Crestani Calegaro, no programa &#8220;Direto da Reda\u00e7\u00e3o&#8221; &#8211; 3\u00aa Edi\u00e7\u00e3o, na data de 04 de maio de 2021. \u00a0 A entrevista pode ser conferida, a partir dos 6&#8217;8&#8243;, no link abaixo: \u00a0 https:\/\/www.facebook.com\/watch\/live\/?v=263329582191299&amp;ref=watch_permalink<\/p>\n","protected":false},"author":252,"featured_media":0,"comment_status":"closed","ping_status":"closed","sticky":false,"template":"","format":"standard","meta":{"footnotes":""},"categories":[1],"tags":[],"class_list":["post-4156","post","type-post","status-publish","format-standard","hentry","category-sem-categoria"],"acf":[],"_links":{"self":[{"href":"https:\/\/www.ufsm.br\/pro-reitorias\/prograd\/caed\/wp-json\/wp\/v2\/posts\/4156","targetHints":{"allow":["GET"]}}],"collection":[{"href":"https:\/\/www.ufsm.br\/pro-reitorias\/prograd\/caed\/wp-json\/wp\/v2\/posts"}],"about":[{"href":"https:\/\/www.ufsm.br\/pro-reitorias\/prograd\/caed\/wp-json\/wp\/v2\/types\/post"}],"author":[{"embeddable":true,"href":"https:\/\/www.ufsm.br\/pro-reitorias\/prograd\/caed\/wp-json\/wp\/v2\/users\/252"}],"replies":[{"embeddable":true,"href":"https:\/\/www.ufsm.br\/pro-reitorias\/prograd\/caed\/wp-json\/wp\/v2\/comments?post=4156"}],"version-history":[{"count":0,"href":"https:\/\/www.ufsm.br\/pro-reitorias\/prograd\/caed\/wp-json\/wp\/v2\/posts\/4156\/revisions"}],"wp:attachment":[{"href":"https:\/\/www.ufsm.br\/pro-reitorias\/prograd\/caed\/wp-json\/wp\/v2\/media?parent=4156"}],"wp:term":[{"taxonomy":"category","embeddable":true,"href":"https:\/\/www.ufsm.br\/pro-reitorias\/prograd\/caed\/wp-json\/wp\/v2\/categories?post=4156"},{"taxonomy":"post_tag","embeddable":true,"href":"https:\/\/www.ufsm.br\/pro-reitorias\/prograd\/caed\/wp-json\/wp\/v2\/tags?post=4156"}],"curies":[{"name":"wp","href":"https:\/\/api.w.org\/{rel}","templated":true}]}}