{"id":4189,"date":"2021-05-14T16:51:26","date_gmt":"2021-05-14T19:51:26","guid":{"rendered":"https:\/\/www.ufsm.br\/orgaos-executivos\/caed\/?p=4189"},"modified":"2021-05-14T16:51:27","modified_gmt":"2021-05-14T19:51:27","slug":"orientacoes-a-comunidade-academica","status":"publish","type":"post","link":"https:\/\/www.ufsm.br\/pro-reitorias\/prograd\/caed\/2021\/05\/14\/orientacoes-a-comunidade-academica","title":{"rendered":"Orienta\u00e7\u00f5es \u00e0 comunidade acad\u00eamica"},"content":{"rendered":"\n<p>A Coordenadoria de A\u00e7\u00f5es Educacionais realiza orienta\u00e7\u00f5es \u00e0 comunidade acad\u00eamica no que tange \u00e0s quest\u00f5es de acompanhamento aos estudantes, acessibilidade, aprendizagem e a\u00e7\u00f5es afirmativas.<\/p>\n<p>Informa\u00e7\u00f5es por e-mail:<\/p>\n<p>Acessibilidade: <a href=\"mailto:caed.acessibilidade@ufsm.br\">caed.acessibilidade@ufsm.br<\/a><\/p>\n<p>Aprendizagem: <a href=\"mailto:caed.aprendizagem@ufsm.br\">caed.aprendizagem@ufsm.br<\/a><\/p>\n<p>A\u00e7\u00f5es Afirmativas: <a href=\"mailto:caed.acoesafirmativas@ufsm.br\">caed.acoesafirmativas@ufsm.br<\/a><\/p>\n<p>CAED: <a href=\"mailto:caed@ufsm.br\">caed@ufsm.br<\/a><\/p>\n","protected":false},"excerpt":{"rendered":"<p>A Coordenadoria de A\u00e7\u00f5es Educacionais realiza orienta\u00e7\u00f5es \u00e0 comunidade acad\u00eamica no que tange \u00e0s quest\u00f5es de acompanhamento aos estudantes, acessibilidade, aprendizagem e a\u00e7\u00f5es afirmativas. Informa\u00e7\u00f5es por e-mail: Acessibilidade: caed.acessibilidade@ufsm.br Aprendizagem: caed.aprendizagem@ufsm.br A\u00e7\u00f5es Afirmativas: caed.acoesafirmativas@ufsm.br CAED: caed@ufsm.br<\/p>\n","protected":false},"author":281,"featured_media":0,"comment_status":"closed","ping_status":"closed","sticky":false,"template":"","format":"standard","meta":{"footnotes":""},"categories":[1],"tags":[],"class_list":["post-4189","post","type-post","status-publish","format-standard","hentry","category-sem-categoria"],"acf":[],"_links":{"self":[{"href":"https:\/\/www.ufsm.br\/pro-reitorias\/prograd\/caed\/wp-json\/wp\/v2\/posts\/4189","targetHints":{"allow":["GET"]}}],"collection":[{"href":"https:\/\/www.ufsm.br\/pro-reitorias\/prograd\/caed\/wp-json\/wp\/v2\/posts"}],"about":[{"href":"https:\/\/www.ufsm.br\/pro-reitorias\/prograd\/caed\/wp-json\/wp\/v2\/types\/post"}],"author":[{"embeddable":true,"href":"https:\/\/www.ufsm.br\/pro-reitorias\/prograd\/caed\/wp-json\/wp\/v2\/users\/281"}],"replies":[{"embeddable":true,"href":"https:\/\/www.ufsm.br\/pro-reitorias\/prograd\/caed\/wp-json\/wp\/v2\/comments?post=4189"}],"version-history":[{"count":0,"href":"https:\/\/www.ufsm.br\/pro-reitorias\/prograd\/caed\/wp-json\/wp\/v2\/posts\/4189\/revisions"}],"wp:attachment":[{"href":"https:\/\/www.ufsm.br\/pro-reitorias\/prograd\/caed\/wp-json\/wp\/v2\/media?parent=4189"}],"wp:term":[{"taxonomy":"category","embeddable":true,"href":"https:\/\/www.ufsm.br\/pro-reitorias\/prograd\/caed\/wp-json\/wp\/v2\/categories?post=4189"},{"taxonomy":"post_tag","embeddable":true,"href":"https:\/\/www.ufsm.br\/pro-reitorias\/prograd\/caed\/wp-json\/wp\/v2\/tags?post=4189"}],"curies":[{"name":"wp","href":"https:\/\/api.w.org\/{rel}","templated":true}]}}