{"id":4191,"date":"2021-05-14T21:12:19","date_gmt":"2021-05-15T00:12:19","guid":{"rendered":"https:\/\/www.ufsm.br\/orgaos-executivos\/caed\/?p=4191"},"modified":"2021-05-14T21:12:20","modified_gmt":"2021-05-15T00:12:20","slug":"promover-andifes-programa-de-mobilidade-academica","status":"publish","type":"post","link":"https:\/\/www.ufsm.br\/pro-reitorias\/prograd\/caed\/2021\/05\/14\/promover-andifes-programa-de-mobilidade-academica","title":{"rendered":"PROMOVER ANDIFES &#8211; PROGRAMA DE MOBILIDADE ACAD\u00caMICA"},"content":{"rendered":"\n<p>A Universidade Federal de Santa Maria(UFSM)\/Coordenadoria de A\u00e7\u00f5es Educacionais soma-se \u00e0 divulga\u00e7\u00e3o do programa de interc\u00e2mbio entre universidades brasileiras.<\/p>\n<p>Maiores informa\u00e7\u00f5es em <a href=\"https:\/\/www.ufsm.br\/2021\/05\/07\/promover-andifes-inscricoes-para-intercambio-virtual-entre-universidades-brasileiras-ja-estao-abertas\/\">https:\/\/www.ufsm.br\/2021\/05\/07\/promover-andifes-inscricoes-para-intercambio-virtual-entre-universidades-brasileiras-ja-estao-abertas\/<\/a><\/p>\n","protected":false},"excerpt":{"rendered":"<p>A Universidade Federal de Santa Maria(UFSM)\/Coordenadoria de A\u00e7\u00f5es Educacionais soma-se \u00e0 divulga\u00e7\u00e3o do programa de interc\u00e2mbio entre universidades brasileiras. Maiores informa\u00e7\u00f5es em https:\/\/www.ufsm.br\/2021\/05\/07\/promover-andifes-inscricoes-para-intercambio-virtual-entre-universidades-brasileiras-ja-estao-abertas\/<\/p>\n","protected":false},"author":252,"featured_media":0,"comment_status":"closed","ping_status":"closed","sticky":false,"template":"","format":"standard","meta":{"footnotes":""},"categories":[1],"tags":[],"class_list":["post-4191","post","type-post","status-publish","format-standard","hentry","category-sem-categoria"],"acf":[],"_links":{"self":[{"href":"https:\/\/www.ufsm.br\/pro-reitorias\/prograd\/caed\/wp-json\/wp\/v2\/posts\/4191","targetHints":{"allow":["GET"]}}],"collection":[{"href":"https:\/\/www.ufsm.br\/pro-reitorias\/prograd\/caed\/wp-json\/wp\/v2\/posts"}],"about":[{"href":"https:\/\/www.ufsm.br\/pro-reitorias\/prograd\/caed\/wp-json\/wp\/v2\/types\/post"}],"author":[{"embeddable":true,"href":"https:\/\/www.ufsm.br\/pro-reitorias\/prograd\/caed\/wp-json\/wp\/v2\/users\/252"}],"replies":[{"embeddable":true,"href":"https:\/\/www.ufsm.br\/pro-reitorias\/prograd\/caed\/wp-json\/wp\/v2\/comments?post=4191"}],"version-history":[{"count":0,"href":"https:\/\/www.ufsm.br\/pro-reitorias\/prograd\/caed\/wp-json\/wp\/v2\/posts\/4191\/revisions"}],"wp:attachment":[{"href":"https:\/\/www.ufsm.br\/pro-reitorias\/prograd\/caed\/wp-json\/wp\/v2\/media?parent=4191"}],"wp:term":[{"taxonomy":"category","embeddable":true,"href":"https:\/\/www.ufsm.br\/pro-reitorias\/prograd\/caed\/wp-json\/wp\/v2\/categories?post=4191"},{"taxonomy":"post_tag","embeddable":true,"href":"https:\/\/www.ufsm.br\/pro-reitorias\/prograd\/caed\/wp-json\/wp\/v2\/tags?post=4191"}],"curies":[{"name":"wp","href":"https:\/\/api.w.org\/{rel}","templated":true}]}}