{"id":4192,"date":"2021-05-14T21:16:18","date_gmt":"2021-05-15T00:16:18","guid":{"rendered":"https:\/\/www.ufsm.br\/orgaos-executivos\/caed\/?p=4192"},"modified":"2021-05-14T21:16:20","modified_gmt":"2021-05-15T00:16:20","slug":"mes-da-familia-na-ufsm-2","status":"publish","type":"post","link":"https:\/\/www.ufsm.br\/pro-reitorias\/prograd\/caed\/2021\/05\/14\/mes-da-familia-na-ufsm-2","title":{"rendered":"M\u00caS DA FAM\u00cdLIA NA UFSM"},"content":{"rendered":"\n<p>A Universidade Federal de Santa Maria(UFSM)\/Coordenadoria de A\u00e7\u00f5es Educacionais(CAEd) soma-se \u00e0 divulga\u00e7\u00e3o do M\u00eas da Fam\u00edlia na UFSM.<\/p>\n<p>Desde 2020, opta-se por comemorar o m\u00eas da fam\u00edlia (maio) e n\u00e3o mais Dia das M\u00e3es e Dia dos Pais. Para 2021, publicaremos toda quarta-feira uma s\u00e9rie de mat\u00e9rias (com cards, fotos e v\u00eddeos) sobre fam\u00edlias que tiveram suas vidas impactadas pela entrada de um de seus membros na UFSM.\u00a0<\/p>\n<p>\u00a0A primeira hist\u00f3ria pode ser conferida em <a href=\"https:\/\/www.ufsm.br\/2021\/05\/05\/mes-da-familia-uma-historia-compartilhada-entre-avo-e-neta\/\" target=\"_blank\" rel=\"noopener\" data-saferedirecturl=\"https:\/\/www.google.com\/url?q=https:\/\/www.ufsm.br\/2021\/05\/05\/mes-da-familia-uma-historia-compartilhada-entre-avo-e-neta\/&amp;source=gmail&amp;ust=1621090197123000&amp;usg=AFQjCNFY08BIKFIDLkVyCW0p1FB0BmMhyQ\">Karohelen Dias<\/a><\/p>\n","protected":false},"excerpt":{"rendered":"<p>A Universidade Federal de Santa Maria(UFSM)\/Coordenadoria de A\u00e7\u00f5es Educacionais(CAEd) soma-se \u00e0 divulga\u00e7\u00e3o do M\u00eas da Fam\u00edlia na UFSM. Desde 2020, opta-se por comemorar o m\u00eas da fam\u00edlia (maio) e n\u00e3o mais Dia das M\u00e3es e Dia dos Pais. Para 2021, publicaremos toda quarta-feira uma s\u00e9rie de mat\u00e9rias (com cards, fotos e v\u00eddeos) sobre fam\u00edlias que [&hellip;]<\/p>\n","protected":false},"author":252,"featured_media":0,"comment_status":"closed","ping_status":"closed","sticky":false,"template":"","format":"standard","meta":{"footnotes":""},"categories":[1],"tags":[],"class_list":["post-4192","post","type-post","status-publish","format-standard","hentry","category-sem-categoria"],"acf":[],"_links":{"self":[{"href":"https:\/\/www.ufsm.br\/pro-reitorias\/prograd\/caed\/wp-json\/wp\/v2\/posts\/4192","targetHints":{"allow":["GET"]}}],"collection":[{"href":"https:\/\/www.ufsm.br\/pro-reitorias\/prograd\/caed\/wp-json\/wp\/v2\/posts"}],"about":[{"href":"https:\/\/www.ufsm.br\/pro-reitorias\/prograd\/caed\/wp-json\/wp\/v2\/types\/post"}],"author":[{"embeddable":true,"href":"https:\/\/www.ufsm.br\/pro-reitorias\/prograd\/caed\/wp-json\/wp\/v2\/users\/252"}],"replies":[{"embeddable":true,"href":"https:\/\/www.ufsm.br\/pro-reitorias\/prograd\/caed\/wp-json\/wp\/v2\/comments?post=4192"}],"version-history":[{"count":0,"href":"https:\/\/www.ufsm.br\/pro-reitorias\/prograd\/caed\/wp-json\/wp\/v2\/posts\/4192\/revisions"}],"wp:attachment":[{"href":"https:\/\/www.ufsm.br\/pro-reitorias\/prograd\/caed\/wp-json\/wp\/v2\/media?parent=4192"}],"wp:term":[{"taxonomy":"category","embeddable":true,"href":"https:\/\/www.ufsm.br\/pro-reitorias\/prograd\/caed\/wp-json\/wp\/v2\/categories?post=4192"},{"taxonomy":"post_tag","embeddable":true,"href":"https:\/\/www.ufsm.br\/pro-reitorias\/prograd\/caed\/wp-json\/wp\/v2\/tags?post=4192"}],"curies":[{"name":"wp","href":"https:\/\/api.w.org\/{rel}","templated":true}]}}