{"id":4193,"date":"2021-05-14T21:18:59","date_gmt":"2021-05-15T00:18:59","guid":{"rendered":"https:\/\/www.ufsm.br\/orgaos-executivos\/caed\/?p=4193"},"modified":"2021-05-14T21:19:22","modified_gmt":"2021-05-15T00:19:22","slug":"calourada-2021-primeiro-semestre","status":"publish","type":"post","link":"https:\/\/www.ufsm.br\/pro-reitorias\/prograd\/caed\/2021\/05\/14\/calourada-2021-primeiro-semestre","title":{"rendered":"CALOURADA 2021 &#8211; PRIMEIRO SEMESTRE"},"content":{"rendered":"\n<p>A Universidade Federal de Santa Maria(UFSM)\/Coordenadoria de A\u00e7\u00f5es Educacionais(CAEd)\u00a0 soma-se \u00e0 divulga\u00e7\u00e3o das a\u00e7\u00f5es da Calourada 2021 &#8211; primeiro semestre.\u00a0<\/p>\n<div>\n<div class=\"gmail_attr\" dir=\"ltr\"><a href=\"https:\/\/youtu.be\/fSId4a2lSws\" target=\"_blank\" rel=\"noopener\" data-saferedirecturl=\"https:\/\/www.google.com\/url?q=https:\/\/youtu.be\/fSId4a2lSws&amp;source=gmail&amp;ust=1621090197123000&amp;usg=AFQjCNGdPksHEiBBFFf8BuVuhkNoI_fxKQ\">No dia 18\/5, \u00e0s 10h ocorre as boas-vindas institucionais com reitor, vice-reitor, DCE e pr\u00f3-reitorias (PROGRAD, PRAE, PRPGP e PRE)<\/a>. Nas demais datas e hor\u00e1rios, fica aberto para a programa\u00e7\u00e3o organizada pelas Unidade de Ensino.\u00a0<\/div>\n<div>\n<div>\u00a0<\/div>\n<\/div>\n<div>&#8211;\u00a0<a href=\"https:\/\/www.ufsm.br\/pro-reitorias\/prae\/calourada\/\" target=\"_blank\" rel=\"noopener\" data-saferedirecturl=\"https:\/\/www.google.com\/url?q=https:\/\/www.ufsm.br\/pro-reitorias\/prae\/calourada\/&amp;source=gmail&amp;ust=1621090197123000&amp;usg=AFQjCNFzmDhNXEXq9w5mkaTyZSZhmCbPHw\">P\u00e1gina da Calourada<\/a><\/div>\n<div>&#8211;\u00a0<a href=\"https:\/\/www.ufsm.br\/eventos\/calourada2021-1\/\" target=\"_blank\" rel=\"noopener\" data-saferedirecturl=\"https:\/\/www.google.com\/url?q=https:\/\/www.ufsm.br\/eventos\/calourada2021-1\/&amp;source=gmail&amp;ust=1621090197123000&amp;usg=AFQjCNEi5Eu15HaV4ZA1t-SRHnb0dsneBw\">Evento da Calourada no site<\/a>\u00a0<\/div>\n<div>&#8211;\u00a0<a href=\"https:\/\/www.facebook.com\/events\/513877159617578\/\" target=\"_blank\" rel=\"noopener\" data-saferedirecturl=\"https:\/\/www.google.com\/url?q=https:\/\/www.facebook.com\/events\/513877159617578\/&amp;source=gmail&amp;ust=1621090197123000&amp;usg=AFQjCNHNejgP7Vxhy65_hQTZkwcwATY5dQ\">Evento da Calourada no Facebook<\/a>\u00a0<\/div>\n<\/div>\n<div>\u00a0<\/div>\n","protected":false},"excerpt":{"rendered":"<p>A Universidade Federal de Santa Maria(UFSM)\/Coordenadoria de A\u00e7\u00f5es Educacionais(CAEd)\u00a0 soma-se \u00e0 divulga\u00e7\u00e3o das a\u00e7\u00f5es da Calourada 2021 &#8211; primeiro semestre.\u00a0 No dia 18\/5, \u00e0s 10h ocorre as boas-vindas institucionais com reitor, vice-reitor, DCE e pr\u00f3-reitorias (PROGRAD, PRAE, PRPGP e PRE). Nas demais datas e hor\u00e1rios, fica aberto para a programa\u00e7\u00e3o organizada pelas Unidade de Ensino.\u00a0 [&hellip;]<\/p>\n","protected":false},"author":252,"featured_media":0,"comment_status":"closed","ping_status":"closed","sticky":false,"template":"","format":"standard","meta":{"footnotes":""},"categories":[1],"tags":[],"class_list":["post-4193","post","type-post","status-publish","format-standard","hentry","category-sem-categoria"],"acf":[],"_links":{"self":[{"href":"https:\/\/www.ufsm.br\/pro-reitorias\/prograd\/caed\/wp-json\/wp\/v2\/posts\/4193","targetHints":{"allow":["GET"]}}],"collection":[{"href":"https:\/\/www.ufsm.br\/pro-reitorias\/prograd\/caed\/wp-json\/wp\/v2\/posts"}],"about":[{"href":"https:\/\/www.ufsm.br\/pro-reitorias\/prograd\/caed\/wp-json\/wp\/v2\/types\/post"}],"author":[{"embeddable":true,"href":"https:\/\/www.ufsm.br\/pro-reitorias\/prograd\/caed\/wp-json\/wp\/v2\/users\/252"}],"replies":[{"embeddable":true,"href":"https:\/\/www.ufsm.br\/pro-reitorias\/prograd\/caed\/wp-json\/wp\/v2\/comments?post=4193"}],"version-history":[{"count":0,"href":"https:\/\/www.ufsm.br\/pro-reitorias\/prograd\/caed\/wp-json\/wp\/v2\/posts\/4193\/revisions"}],"wp:attachment":[{"href":"https:\/\/www.ufsm.br\/pro-reitorias\/prograd\/caed\/wp-json\/wp\/v2\/media?parent=4193"}],"wp:term":[{"taxonomy":"category","embeddable":true,"href":"https:\/\/www.ufsm.br\/pro-reitorias\/prograd\/caed\/wp-json\/wp\/v2\/categories?post=4193"},{"taxonomy":"post_tag","embeddable":true,"href":"https:\/\/www.ufsm.br\/pro-reitorias\/prograd\/caed\/wp-json\/wp\/v2\/tags?post=4193"}],"curies":[{"name":"wp","href":"https:\/\/api.w.org\/{rel}","templated":true}]}}