{"id":4194,"date":"2021-05-14T21:21:41","date_gmt":"2021-05-15T00:21:41","guid":{"rendered":"https:\/\/www.ufsm.br\/orgaos-executivos\/caed\/?p=4194"},"modified":"2021-05-14T21:21:55","modified_gmt":"2021-05-15T00:21:55","slug":"mulheres-sustentaveis-3","status":"publish","type":"post","link":"https:\/\/www.ufsm.br\/pro-reitorias\/prograd\/caed\/2021\/05\/14\/mulheres-sustentaveis-3","title":{"rendered":"MULHERES SUSTENT\u00c1VEIS"},"content":{"rendered":"\n<div>A Universidade Federal de Santa Maria(UFSM)\/Coordenadoria de A\u00e7\u00f5es Educacionais(CAEd) soma-se \u00e0 divulga\u00e7\u00e3o do projeto Mulheres Sustent\u00e1veis, que publica novas mat\u00e9rias toda semana no <a href=\"https:\/\/www.ufsm.br\/pro-reitorias\/proinfra\/uma\/mulheressustentaveis\/\" target=\"_blank\" rel=\"noopener\" data-saferedirecturl=\"https:\/\/www.google.com\/url?q=https:\/\/www.ufsm.br\/pro-reitorias\/proinfra\/uma\/mulheressustentaveis\/&amp;source=gmail&amp;ust=1621090197123000&amp;usg=AFQjCNGn9tE_SXhX72GCXO5zbBLQ8pBO6g\">site do UMA<\/a>\u00a0<\/div>\n<div>\u00a0<\/div>\n<div>\u00a0<\/div>\n<div>Lista de entrevistas:<\/div>\n<div>\u00a0<\/div>\n<div>&#8211;\u00a0<a href=\"https:\/\/www.ufsm.br\/unidades-universitarias\/palmeira-das-missoes\/2021\/03\/22\/mulheres-sustentaveis-e-transformadoras-tanice-andreatta-e-o-ods-1\/\" target=\"_blank\" rel=\"noopener\" data-saferedirecturl=\"https:\/\/www.google.com\/url?q=https:\/\/www.ufsm.br\/unidades-universitarias\/palmeira-das-missoes\/2021\/03\/22\/mulheres-sustentaveis-e-transformadoras-tanice-andreatta-e-o-ods-1\/&amp;source=gmail&amp;ust=1621090197123000&amp;usg=AFQjCNFddfmFn0SC5yD4DBF3fQZq1qIU0g\">Tanice Andreatta, professora do curso de Economia na UFSM campus Palmeira das Miss\u00f5es<\/a><\/div>\n<div>&#8211;\u00a0<a href=\"https:\/\/www.ufsm.br\/pro-reitorias\/proinfra\/uma\/2021\/03\/24\/mulheres-sustentaveis-e-transformadoras-neila-richards-e-a-ods-2\/\" target=\"_blank\" rel=\"noopener\" data-saferedirecturl=\"https:\/\/www.google.com\/url?q=https:\/\/www.ufsm.br\/pro-reitorias\/proinfra\/uma\/2021\/03\/24\/mulheres-sustentaveis-e-transformadoras-neila-richards-e-a-ods-2\/&amp;source=gmail&amp;ust=1621090197123000&amp;usg=AFQjCNHHaXsXqWgnToZ-7fxqlfuDvMpaAg\">Neila Richards, professora do Departamento de Tecnologia e Ci\u00eancia Alimentos (CCR)<\/a><\/div>\n<div>&#8211;\u00a0<a href=\"https:\/\/www.ufsm.br\/pro-reitorias\/proinfra\/uma\/2021\/03\/31\/mulheres-sustentaveis-e-transformadoras-especial-pandemia-da-covid-19\/\" target=\"_blank\" rel=\"noopener\" data-saferedirecturl=\"https:\/\/www.google.com\/url?q=https:\/\/www.ufsm.br\/pro-reitorias\/proinfra\/uma\/2021\/03\/31\/mulheres-sustentaveis-e-transformadoras-especial-pandemia-da-covid-19\/&amp;source=gmail&amp;ust=1621090197123000&amp;usg=AFQjCNE__IHYztcqQIl2WzsmjYi53pUlmQ\">Angela Giovana Batista, professora do Departamento de Alimentos e Nutri\u00e7\u00e3o campus Palmeira das Miss\u00f5es; Alexa Pupiara, docente do Departamento de Ci\u00eancias da Sa\u00fade de Palmeira das Miss\u00f5es<\/a><\/div>\n<div>&#8211;\u00a0<a href=\"https:\/\/www.ufsm.br\/pro-reitorias\/proinfra\/uma\/?p=872\" target=\"_blank\" rel=\"noopener\" data-saferedirecturl=\"https:\/\/www.google.com\/url?q=https:\/\/www.ufsm.br\/pro-reitorias\/proinfra\/uma\/?p%3D872&amp;source=gmail&amp;ust=1621090197123000&amp;usg=AFQjCNG4fIUdL4GWn4ZQa_O6EYUnlcg60Q\">Claudia Herte de Moraes, professora do Departamento de Ci\u00eancias da Comunica\u00e7\u00e3o do campus Frederico Westphalen<\/a><\/div>\n<div>&#8211;\u00a0<a href=\"https:\/\/www.ufsm.br\/pro-reitorias\/proinfra\/uma\/2021\/04\/14\/mulheres-sustentaveis-e-transformadoras-ods-5\/\" target=\"_blank\" rel=\"noopener\" data-saferedirecturl=\"https:\/\/www.google.com\/url?q=https:\/\/www.ufsm.br\/pro-reitorias\/proinfra\/uma\/2021\/04\/14\/mulheres-sustentaveis-e-transformadoras-ods-5\/&amp;source=gmail&amp;ust=1621090197123000&amp;usg=AFQjCNHo1xc8HZrdVhkNyf2EARqVQrfBCA\">Mariana Selister Gomes e Jana\u00edna Xavier do Nascimento, professoras do Departamento de Ci\u00eancias Sociais (CCSH); Laura Ferreira Cortes do Departamento de Ensino do Col\u00e9gio Polit\u00e9cnico e \u00a0Nilza Luiza Venturini Zampieri do Departamento de Eletr\u00f4nica e Computa\u00e7\u00e3o (CT)<\/a><\/div>\n<div>&#8211;\u00a0<a href=\"https:\/\/www.ufsm.br\/pro-reitorias\/proinfra\/uma\/2021\/04\/22\/mulheres-sustentaveis-e-transformadoras-jaqueline-ineu-golombieski-e-o-ods-6\/\" target=\"_blank\" rel=\"noopener\" data-saferedirecturl=\"https:\/\/www.google.com\/url?q=https:\/\/www.ufsm.br\/pro-reitorias\/proinfra\/uma\/2021\/04\/22\/mulheres-sustentaveis-e-transformadoras-jaqueline-ineu-golombieski-e-o-ods-6\/&amp;source=gmail&amp;ust=1621090197123000&amp;usg=AFQjCNE4d_9K8i3iTOgXFB_T2g7KefugTw\">Jaqueline Ineu Golombieski, professora do Departamento de Engenharia e Tecnologia Ambiental de Frederico Westphalen<\/a><\/div>\n<div>&#8211;\u00a0<a href=\"https:\/\/www.ufsm.br\/pro-reitorias\/proinfra\/uma\/2021\/04\/28\/mulheres-sustentaveis-e-transformadoras-aline-passini-e-o-ods-7\/\" target=\"_blank\" rel=\"noopener\" data-saferedirecturl=\"https:\/\/www.google.com\/url?q=https:\/\/www.ufsm.br\/pro-reitorias\/proinfra\/uma\/2021\/04\/28\/mulheres-sustentaveis-e-transformadoras-aline-passini-e-o-ods-7\/&amp;source=gmail&amp;ust=1621090197123000&amp;usg=AFQjCNHwglW4wpSWB5B6iHIYDm-IwXZblQ\">Aline Passini, professora do Departamento de Engenharia e Tecnologia Ambiental de Frederico Westphalen<\/a><\/div>\n<div>&#8211;\u00a0<a href=\"https:\/\/www.ufsm.br\/pro-reitorias\/proinfra\/uma\/2021\/05\/05\/mulheres-sustentaveis-e-transformadoras-debora-bobsin-e-o-ods-8\/\" target=\"_blank\" rel=\"noopener\" data-saferedirecturl=\"https:\/\/www.google.com\/url?q=https:\/\/www.ufsm.br\/pro-reitorias\/proinfra\/uma\/2021\/05\/05\/mulheres-sustentaveis-e-transformadoras-debora-bobsin-e-o-ods-8\/&amp;source=gmail&amp;ust=1621090197123000&amp;usg=AFQjCNFK1vmpKn5u3Vw8u3A-fBO8wHgtlw\">D\u00e9bora Bobsin, professora do Departamento de Ci\u00eancias Administrativas (CCSH)<\/a><\/div>\n","protected":false},"excerpt":{"rendered":"<p>A Universidade Federal de Santa Maria(UFSM)\/Coordenadoria de A\u00e7\u00f5es Educacionais(CAEd) soma-se \u00e0 divulga\u00e7\u00e3o do projeto Mulheres Sustent\u00e1veis, que publica novas mat\u00e9rias toda semana no site do UMA\u00a0 \u00a0 \u00a0 Lista de entrevistas: \u00a0 &#8211;\u00a0Tanice Andreatta, professora do curso de Economia na UFSM campus Palmeira das Miss\u00f5es &#8211;\u00a0Neila Richards, professora do Departamento de Tecnologia e Ci\u00eancia Alimentos [&hellip;]<\/p>\n","protected":false},"author":252,"featured_media":0,"comment_status":"closed","ping_status":"closed","sticky":false,"template":"","format":"standard","meta":{"footnotes":""},"categories":[1],"tags":[],"class_list":["post-4194","post","type-post","status-publish","format-standard","hentry","category-sem-categoria"],"acf":[],"_links":{"self":[{"href":"https:\/\/www.ufsm.br\/pro-reitorias\/prograd\/caed\/wp-json\/wp\/v2\/posts\/4194","targetHints":{"allow":["GET"]}}],"collection":[{"href":"https:\/\/www.ufsm.br\/pro-reitorias\/prograd\/caed\/wp-json\/wp\/v2\/posts"}],"about":[{"href":"https:\/\/www.ufsm.br\/pro-reitorias\/prograd\/caed\/wp-json\/wp\/v2\/types\/post"}],"author":[{"embeddable":true,"href":"https:\/\/www.ufsm.br\/pro-reitorias\/prograd\/caed\/wp-json\/wp\/v2\/users\/252"}],"replies":[{"embeddable":true,"href":"https:\/\/www.ufsm.br\/pro-reitorias\/prograd\/caed\/wp-json\/wp\/v2\/comments?post=4194"}],"version-history":[{"count":0,"href":"https:\/\/www.ufsm.br\/pro-reitorias\/prograd\/caed\/wp-json\/wp\/v2\/posts\/4194\/revisions"}],"wp:attachment":[{"href":"https:\/\/www.ufsm.br\/pro-reitorias\/prograd\/caed\/wp-json\/wp\/v2\/media?parent=4194"}],"wp:term":[{"taxonomy":"category","embeddable":true,"href":"https:\/\/www.ufsm.br\/pro-reitorias\/prograd\/caed\/wp-json\/wp\/v2\/categories?post=4194"},{"taxonomy":"post_tag","embeddable":true,"href":"https:\/\/www.ufsm.br\/pro-reitorias\/prograd\/caed\/wp-json\/wp\/v2\/tags?post=4194"}],"curies":[{"name":"wp","href":"https:\/\/api.w.org\/{rel}","templated":true}]}}