{"id":4195,"date":"2021-05-14T21:23:39","date_gmt":"2021-05-15T00:23:39","guid":{"rendered":"https:\/\/www.ufsm.br\/orgaos-executivos\/caed\/?p=4195"},"modified":"2021-05-14T21:23:40","modified_gmt":"2021-05-15T00:23:40","slug":"inovacao-alem-do-arco-2","status":"publish","type":"post","link":"https:\/\/www.ufsm.br\/pro-reitorias\/prograd\/caed\/2021\/05\/14\/inovacao-alem-do-arco-2","title":{"rendered":"INOVA\u00c7\u00c3O AL\u00c9M DO ARCO"},"content":{"rendered":"\n<p>A Universidade Federal de Santa Maria(UFSM)\/Coordenadoria de A\u00e7\u00f5es Educacionais(CAEd) soma-se \u00e0 divulga\u00e7\u00e3o das a\u00e7\u00f5es de inova\u00e7\u00e3o na UFSM.<\/p>\n<p>\u00a0Mat\u00e9rias podem ser conferidas no <a href=\"https:\/\/www.ufsm.br\/orgaos-executivos\/agittec\/\" target=\"_blank\" rel=\"noopener\" data-saferedirecturl=\"https:\/\/www.google.com\/url?q=https:\/\/www.ufsm.br\/orgaos-executivos\/agittec\/&amp;source=gmail&amp;ust=1621090197123000&amp;usg=AFQjCNHdxRbyp9QabSdORMcUpww5gc3bdg\">site da Agittec<\/a>\u00a0e v\u00eddeos no\u00a0<a href=\"https:\/\/www.youtube.com\/channel\/UCIB6UR3XZMvJHAFyCCnmXzA\" target=\"_blank\" rel=\"noopener\" data-saferedirecturl=\"https:\/\/www.google.com\/url?q=https:\/\/www.youtube.com\/channel\/UCIB6UR3XZMvJHAFyCCnmXzA&amp;source=gmail&amp;ust=1621090197123000&amp;usg=AFQjCNEYC7BzWoJq781RbmCAJyN4VmmxCA\">YouTube da Agittec<\/a>.<\/p>\n","protected":false},"excerpt":{"rendered":"<p>A Universidade Federal de Santa Maria(UFSM)\/Coordenadoria de A\u00e7\u00f5es Educacionais(CAEd) soma-se \u00e0 divulga\u00e7\u00e3o das a\u00e7\u00f5es de inova\u00e7\u00e3o na UFSM. \u00a0Mat\u00e9rias podem ser conferidas no site da Agittec\u00a0e v\u00eddeos no\u00a0YouTube da Agittec.<\/p>\n","protected":false},"author":252,"featured_media":0,"comment_status":"closed","ping_status":"closed","sticky":false,"template":"","format":"standard","meta":{"footnotes":""},"categories":[1],"tags":[],"class_list":["post-4195","post","type-post","status-publish","format-standard","hentry","category-sem-categoria"],"acf":[],"_links":{"self":[{"href":"https:\/\/www.ufsm.br\/pro-reitorias\/prograd\/caed\/wp-json\/wp\/v2\/posts\/4195","targetHints":{"allow":["GET"]}}],"collection":[{"href":"https:\/\/www.ufsm.br\/pro-reitorias\/prograd\/caed\/wp-json\/wp\/v2\/posts"}],"about":[{"href":"https:\/\/www.ufsm.br\/pro-reitorias\/prograd\/caed\/wp-json\/wp\/v2\/types\/post"}],"author":[{"embeddable":true,"href":"https:\/\/www.ufsm.br\/pro-reitorias\/prograd\/caed\/wp-json\/wp\/v2\/users\/252"}],"replies":[{"embeddable":true,"href":"https:\/\/www.ufsm.br\/pro-reitorias\/prograd\/caed\/wp-json\/wp\/v2\/comments?post=4195"}],"version-history":[{"count":0,"href":"https:\/\/www.ufsm.br\/pro-reitorias\/prograd\/caed\/wp-json\/wp\/v2\/posts\/4195\/revisions"}],"wp:attachment":[{"href":"https:\/\/www.ufsm.br\/pro-reitorias\/prograd\/caed\/wp-json\/wp\/v2\/media?parent=4195"}],"wp:term":[{"taxonomy":"category","embeddable":true,"href":"https:\/\/www.ufsm.br\/pro-reitorias\/prograd\/caed\/wp-json\/wp\/v2\/categories?post=4195"},{"taxonomy":"post_tag","embeddable":true,"href":"https:\/\/www.ufsm.br\/pro-reitorias\/prograd\/caed\/wp-json\/wp\/v2\/tags?post=4195"}],"curies":[{"name":"wp","href":"https:\/\/api.w.org\/{rel}","templated":true}]}}