{"id":4197,"date":"2021-05-14T21:35:58","date_gmt":"2021-05-15T00:35:58","guid":{"rendered":"https:\/\/www.ufsm.br\/orgaos-executivos\/caed\/?p=4197"},"modified":"2021-05-18T17:40:23","modified_gmt":"2021-05-18T20:40:23","slug":"drive-thru-solidario-campanha-em-prol-do-banco-de-alimentos-de-santa-maria","status":"publish","type":"post","link":"https:\/\/www.ufsm.br\/pro-reitorias\/prograd\/caed\/2021\/05\/14\/drive-thru-solidario-campanha-em-prol-do-banco-de-alimentos-de-santa-maria","title":{"rendered":"DRIVE THRU SOLID\u00c1RIO &#8211; CAMPANHA EM PROL DO BANCO DE ALIMENTOS DE SANTA MARIA"},"content":{"rendered":"\n<p>A Universidade Federal de Santa Maria(UFSM)\/Coordenadoria de A\u00e7\u00f5es Educacionais(CAEd) soma-se \u00e0 divulga\u00e7\u00e3o de a\u00e7\u00e3o do Centro de Tecnologia (CT).<\/p>\n<p>A Dire\u00e7\u00e3o do Centro de Tecnologia (CT) convida a comunidade acad\u00eamica da UFSM para participar no Acolhe CT Solid\u00e1rio, campanha que visa a arrecada\u00e7\u00e3o de alimentos n\u00e3o perec\u00edveis para o Banco de Alimentos de Santa Maria, no dia 21 de maio de 2021, das 08h00min \u00e0s 12h00min, em frente ao pr\u00e9dio 07 do Centro de Tecnologia.&nbsp;<\/p>\n<p>Doa\u00e7\u00f5es tamb\u00e9m podem ser feitas via PIX: 30.466.339\/0001-49<\/p>\n<p>E-mail: bancodealimentos.sm@gmail.com<\/p>\n","protected":false},"excerpt":{"rendered":"<p>A Universidade Federal de Santa Maria(UFSM)\/Coordenadoria de A\u00e7\u00f5es Educacionais(CAEd) soma-se \u00e0 divulga\u00e7\u00e3o de a\u00e7\u00e3o do Centro de Tecnologia (CT). A Dire\u00e7\u00e3o do Centro de Tecnologia (CT) convida a comunidade acad\u00eamica da UFSM para participar no Acolhe CT Solid\u00e1rio, campanha que visa a arrecada\u00e7\u00e3o de alimentos n\u00e3o perec\u00edveis para o Banco de Alimentos de Santa Maria, [&hellip;]<\/p>\n","protected":false},"author":252,"featured_media":0,"comment_status":"closed","ping_status":"closed","sticky":false,"template":"","format":"standard","meta":{"footnotes":""},"categories":[1],"tags":[],"class_list":["post-4197","post","type-post","status-publish","format-standard","hentry","category-sem-categoria"],"acf":[],"_links":{"self":[{"href":"https:\/\/www.ufsm.br\/pro-reitorias\/prograd\/caed\/wp-json\/wp\/v2\/posts\/4197","targetHints":{"allow":["GET"]}}],"collection":[{"href":"https:\/\/www.ufsm.br\/pro-reitorias\/prograd\/caed\/wp-json\/wp\/v2\/posts"}],"about":[{"href":"https:\/\/www.ufsm.br\/pro-reitorias\/prograd\/caed\/wp-json\/wp\/v2\/types\/post"}],"author":[{"embeddable":true,"href":"https:\/\/www.ufsm.br\/pro-reitorias\/prograd\/caed\/wp-json\/wp\/v2\/users\/252"}],"replies":[{"embeddable":true,"href":"https:\/\/www.ufsm.br\/pro-reitorias\/prograd\/caed\/wp-json\/wp\/v2\/comments?post=4197"}],"version-history":[{"count":0,"href":"https:\/\/www.ufsm.br\/pro-reitorias\/prograd\/caed\/wp-json\/wp\/v2\/posts\/4197\/revisions"}],"wp:attachment":[{"href":"https:\/\/www.ufsm.br\/pro-reitorias\/prograd\/caed\/wp-json\/wp\/v2\/media?parent=4197"}],"wp:term":[{"taxonomy":"category","embeddable":true,"href":"https:\/\/www.ufsm.br\/pro-reitorias\/prograd\/caed\/wp-json\/wp\/v2\/categories?post=4197"},{"taxonomy":"post_tag","embeddable":true,"href":"https:\/\/www.ufsm.br\/pro-reitorias\/prograd\/caed\/wp-json\/wp\/v2\/tags?post=4197"}],"curies":[{"name":"wp","href":"https:\/\/api.w.org\/{rel}","templated":true}]}}