{"id":4198,"date":"2021-05-14T21:59:42","date_gmt":"2021-05-15T00:59:42","guid":{"rendered":"https:\/\/www.ufsm.br\/orgaos-executivos\/caed\/?p=4198"},"modified":"2021-11-23T08:44:33","modified_gmt":"2021-11-23T11:44:33","slug":"live-covid-psiq-apresentacao-dos-resultados-finais-da-pesquisa","status":"publish","type":"post","link":"https:\/\/www.ufsm.br\/pro-reitorias\/prograd\/caed\/2021\/05\/14\/live-covid-psiq-apresentacao-dos-resultados-finais-da-pesquisa","title":{"rendered":"LIVE COVID Psiq &#8211; APRESENTA\u00c7\u00c3O DOS RESULTADOS FINAIS DA PESQUISA"},"content":{"rendered":"\n<p>A Universidade Federal de Santa Maria(UFSM)\/Coordenadoria de A\u00e7\u00f5es Educacionais(CAEd)\/Projeto COVID Psiq convidam para live de apresenta\u00e7\u00e3o dos resultados da pesquisa COVID Psiq, dia 20 de maio de 2021, \u00e0s 14h00min, via canal do Youtube da COVID Psiq.\u00a0<\/p>\n<p>DESCRI\u00c7\u00c3O DE IMAGEM: cartaz de divulga\u00e7\u00e3o de evento on-line, no formato de live. Imagem em formato retangular, com fundo na cor azul clara. Na parte superior direita, h\u00e1 o s\u00edmbolo da plataforma Youtube, que consiste em um ret\u00e2ngulo rosa, com \u00e2ngulos arredondados, contendo ao centro um tri\u00e2ngulo branco, com a base \u00e0 esquerda e um \u00e2ngulo apontado \u00e0 direita, remetendo a uma flecha. H\u00e1 o s\u00edmbolo de ondas sonoras sendo projetado da parte superior direita. Na parte superior, centralizado, em formato semicircular, em letras, brancas, l\u00ea-se: \u201cLive Sa\u00fade Mental\u201d, \u201cResultados finais da pesquisa COVIDPSIQ\u201d. A primeira frase est\u00e1 em destaque, com formato de negrito. Ao centro da imagem, h\u00e1 a figura de um rosto humano, na cor roxa, disposto em perfil, olhando \u00e0 direita, lembrando artisticamente uma ef\u00edgie. Na parte inferior esquerda e na parte superior direita, h\u00e1 a imagem de dois ramos de louro, na cor verde. Na regi\u00e3o do c\u00e9rebro, h\u00e1 a representa\u00e7\u00e3o de uma nuvem, de cor pl\u00fambea, com estrelas, p\u00e1ssaros e uma cruz branca sobrepostos. Na regi\u00e3o do pesco\u00e7o, h\u00e1 a representa\u00e7\u00e3o de um cora\u00e7\u00e3o, na cor rosa, com um estetosc\u00f3pio auscultando-o. O tubo de condu\u00e7\u00e3o do estetosc\u00f3pio serpenteia em dire\u00e7\u00e3o \u00e0 \u00e1rea do c\u00e9rebro da figura, com as hastes e as olivas auriculares se abrindo em forma de semic\u00edrculo, inclinado \u00e0 esquerda. Em volta da imagem do rosto humano, h\u00e1 um halo de luz, contendo estrelas nas cores rosa e amarela, al\u00e9m de pequenos c\u00edrculos brancos. Na regi\u00e3o da testa, da nuca e atr\u00e1s da cabe\u00e7a, h\u00e1 as imagens de pequenas nuvens brancas. Na parte inferior da imagem, centralizado, em letras brancas, leem-se as informa\u00e7\u00f5es sobre a transmiss\u00e3o do evento: \u201c20\/5, \u00e0s 14h, transmiss\u00e3o via Youtube da COVIDPsiq\u201d. No \u00e2ngulo inferior direito, h\u00e1 a sigla da Universidade Federal de Santa Maria, UFSM.<\/p>\n<p><img fetchpriority=\"high\" decoding=\"async\" class=\"alignnone size-medium wp-image-4199 aligncenter\" src=\"https:\/\/www.ufsm.br\/app\/uploads\/sites\/391\/2021\/05\/LIVE-COVID-PSIQ-300x300.png\" alt=\"\" width=\"300\" height=\"300\" srcset=\"https:\/\/www.ufsm.br\/app\/uploads\/sites\/391\/2021\/05\/LIVE-COVID-PSIQ-300x300.png 300w, https:\/\/www.ufsm.br\/app\/uploads\/sites\/391\/2021\/05\/LIVE-COVID-PSIQ-1024x1024.png 1024w, https:\/\/www.ufsm.br\/app\/uploads\/sites\/391\/2021\/05\/LIVE-COVID-PSIQ-150x150.png 150w, https:\/\/www.ufsm.br\/app\/uploads\/sites\/391\/2021\/05\/LIVE-COVID-PSIQ.png 1920w\" sizes=\"(max-width: 300px) 100vw, 300px\" \/><\/p>\n","protected":false},"excerpt":{"rendered":"<p>A Universidade Federal de Santa Maria(UFSM)\/Coordenadoria de A\u00e7\u00f5es Educacionais(CAEd)\/Projeto COVID Psiq convidam para live de apresenta\u00e7\u00e3o dos resultados da pesquisa COVID Psiq, dia 20 de maio de 2021, \u00e0s 14h00min, via canal do Youtube da COVID Psiq.\u00a0 DESCRI\u00c7\u00c3O DE IMAGEM: cartaz de divulga\u00e7\u00e3o de evento on-line, no formato de live. Imagem em formato retangular, com [&hellip;]<\/p>\n","protected":false},"author":252,"featured_media":4199,"comment_status":"closed","ping_status":"closed","sticky":true,"template":"","format":"standard","meta":{"footnotes":""},"categories":[1],"tags":[],"class_list":["post-4198","post","type-post","status-publish","format-standard","has-post-thumbnail","hentry","category-sem-categoria"],"acf":[],"_links":{"self":[{"href":"https:\/\/www.ufsm.br\/pro-reitorias\/prograd\/caed\/wp-json\/wp\/v2\/posts\/4198","targetHints":{"allow":["GET"]}}],"collection":[{"href":"https:\/\/www.ufsm.br\/pro-reitorias\/prograd\/caed\/wp-json\/wp\/v2\/posts"}],"about":[{"href":"https:\/\/www.ufsm.br\/pro-reitorias\/prograd\/caed\/wp-json\/wp\/v2\/types\/post"}],"author":[{"embeddable":true,"href":"https:\/\/www.ufsm.br\/pro-reitorias\/prograd\/caed\/wp-json\/wp\/v2\/users\/252"}],"replies":[{"embeddable":true,"href":"https:\/\/www.ufsm.br\/pro-reitorias\/prograd\/caed\/wp-json\/wp\/v2\/comments?post=4198"}],"version-history":[{"count":0,"href":"https:\/\/www.ufsm.br\/pro-reitorias\/prograd\/caed\/wp-json\/wp\/v2\/posts\/4198\/revisions"}],"wp:featuredmedia":[{"embeddable":true,"href":"https:\/\/www.ufsm.br\/pro-reitorias\/prograd\/caed\/wp-json\/wp\/v2\/media\/4199"}],"wp:attachment":[{"href":"https:\/\/www.ufsm.br\/pro-reitorias\/prograd\/caed\/wp-json\/wp\/v2\/media?parent=4198"}],"wp:term":[{"taxonomy":"category","embeddable":true,"href":"https:\/\/www.ufsm.br\/pro-reitorias\/prograd\/caed\/wp-json\/wp\/v2\/categories?post=4198"},{"taxonomy":"post_tag","embeddable":true,"href":"https:\/\/www.ufsm.br\/pro-reitorias\/prograd\/caed\/wp-json\/wp\/v2\/tags?post=4198"}],"curies":[{"name":"wp","href":"https:\/\/api.w.org\/{rel}","templated":true}]}}