{"id":4211,"date":"2021-05-21T18:11:49","date_gmt":"2021-05-21T21:11:49","guid":{"rendered":"https:\/\/www.ufsm.br\/orgaos-executivos\/caed\/?p=4211"},"modified":"2021-05-21T18:12:02","modified_gmt":"2021-05-21T21:12:02","slug":"egressos-da-ufsm-que-fazem-ciencia","status":"publish","type":"post","link":"https:\/\/www.ufsm.br\/pro-reitorias\/prograd\/caed\/2021\/05\/21\/egressos-da-ufsm-que-fazem-ciencia","title":{"rendered":"EGRESSOS DA UFSM QUE FAZEM CI\u00caNCIA"},"content":{"rendered":"\n<p>A Universidade Federal de Santa Maria(UFSM)\/Coordenadoria de A\u00e7\u00f5es Educacionais(CAEd) soma-se \u00e0 divulga\u00e7\u00e3o da s\u00e9rie, resultante de parceria entre a UFSM e o projeto Volver\/Pr\u00f3-Reitoria de Gradua\u00e7\u00e3o(PROGRAD), com not\u00edcias e conte\u00fados sobre nossos egressos e como eles atuam em diversos campus da ci\u00eancia.<\/p>\n<p>Confira o trabalho de\u00a0<a href=\"https:\/\/www.ufsm.br\/pro-reitorias\/prograd\/egressos\/2021\/05\/04\/patricia-strauss-embaixadora-do-parent-in-science-compartilha-sua-pesquisa-sobre-direito-e-maternidade\/\" target=\"_blank\" rel=\"noopener\" data-saferedirecturl=\"https:\/\/www.google.com\/url?q=https:\/\/www.ufsm.br\/pro-reitorias\/prograd\/egressos\/2021\/05\/04\/patricia-strauss-embaixadora-do-parent-in-science-compartilha-sua-pesquisa-sobre-direito-e-maternidade\/&amp;source=gmail&amp;ust=1621643996139000&amp;usg=AFQjCNGNsRRHUqnQae3IAF6ueWs8kGxPqw\">Patr\u00edcia Strauss, egressa do curso de Direito-UFSM.<\/a><\/p>\n","protected":false},"excerpt":{"rendered":"<p>A Universidade Federal de Santa Maria(UFSM)\/Coordenadoria de A\u00e7\u00f5es Educacionais(CAEd) soma-se \u00e0 divulga\u00e7\u00e3o da s\u00e9rie, resultante de parceria entre a UFSM e o projeto Volver\/Pr\u00f3-Reitoria de Gradua\u00e7\u00e3o(PROGRAD), com not\u00edcias e conte\u00fados sobre nossos egressos e como eles atuam em diversos campus da ci\u00eancia. Confira o trabalho de\u00a0Patr\u00edcia Strauss, egressa do curso de Direito-UFSM.<\/p>\n","protected":false},"author":252,"featured_media":0,"comment_status":"closed","ping_status":"closed","sticky":false,"template":"","format":"standard","meta":{"footnotes":""},"categories":[1],"tags":[],"class_list":["post-4211","post","type-post","status-publish","format-standard","hentry","category-sem-categoria"],"acf":[],"_links":{"self":[{"href":"https:\/\/www.ufsm.br\/pro-reitorias\/prograd\/caed\/wp-json\/wp\/v2\/posts\/4211","targetHints":{"allow":["GET"]}}],"collection":[{"href":"https:\/\/www.ufsm.br\/pro-reitorias\/prograd\/caed\/wp-json\/wp\/v2\/posts"}],"about":[{"href":"https:\/\/www.ufsm.br\/pro-reitorias\/prograd\/caed\/wp-json\/wp\/v2\/types\/post"}],"author":[{"embeddable":true,"href":"https:\/\/www.ufsm.br\/pro-reitorias\/prograd\/caed\/wp-json\/wp\/v2\/users\/252"}],"replies":[{"embeddable":true,"href":"https:\/\/www.ufsm.br\/pro-reitorias\/prograd\/caed\/wp-json\/wp\/v2\/comments?post=4211"}],"version-history":[{"count":0,"href":"https:\/\/www.ufsm.br\/pro-reitorias\/prograd\/caed\/wp-json\/wp\/v2\/posts\/4211\/revisions"}],"wp:attachment":[{"href":"https:\/\/www.ufsm.br\/pro-reitorias\/prograd\/caed\/wp-json\/wp\/v2\/media?parent=4211"}],"wp:term":[{"taxonomy":"category","embeddable":true,"href":"https:\/\/www.ufsm.br\/pro-reitorias\/prograd\/caed\/wp-json\/wp\/v2\/categories?post=4211"},{"taxonomy":"post_tag","embeddable":true,"href":"https:\/\/www.ufsm.br\/pro-reitorias\/prograd\/caed\/wp-json\/wp\/v2\/tags?post=4211"}],"curies":[{"name":"wp","href":"https:\/\/api.w.org\/{rel}","templated":true}]}}