{"id":4212,"date":"2021-05-21T18:14:15","date_gmt":"2021-05-21T21:14:15","guid":{"rendered":"https:\/\/www.ufsm.br\/orgaos-executivos\/caed\/?p=4212"},"modified":"2021-05-21T18:14:17","modified_gmt":"2021-05-21T21:14:17","slug":"mulheres-sustentaveis-e-transformadoras","status":"publish","type":"post","link":"https:\/\/www.ufsm.br\/pro-reitorias\/prograd\/caed\/2021\/05\/21\/mulheres-sustentaveis-e-transformadoras","title":{"rendered":"MULHERES SUSTENT\u00c1VEIS E TRANSFORMADORAS"},"content":{"rendered":"\n<p>A Universidade Federal de Santa Maria(UFSM)\/Coordenadoria de A\u00e7\u00f5es Educacionais(CAEd) soma-se \u00e0 divulga\u00e7\u00e3o semanal dos novos projetos de mulheres relacionados aos Objetivos de Desenvolvimento Sustent\u00e1vel da Agenda 2030. Nesta semana, <a href=\"https:\/\/www.ufsm.br\/pro-reitorias\/proinfra\/uma\/2021\/05\/12\/mulheres-sustentaveis-e-transformadoras-carlise-schneider-e-o-ods-9\/\" target=\"_blank\" rel=\"noopener\" data-saferedirecturl=\"https:\/\/www.google.com\/url?q=https:\/\/www.ufsm.br\/pro-reitorias\/proinfra\/uma\/2021\/05\/12\/mulheres-sustentaveis-e-transformadoras-carlise-schneider-e-o-ods-9\/&amp;source=gmail&amp;ust=1621643996139000&amp;usg=AFQjCNGuD31kSFfAeI6ixIOfmCGs-Hbt3g\">mat\u00e9ria sobre professora Carlise Schneider, do Departamento de Comunica\u00e7\u00e3o Social<\/a>.<\/p>\n","protected":false},"excerpt":{"rendered":"<p>A Universidade Federal de Santa Maria(UFSM)\/Coordenadoria de A\u00e7\u00f5es Educacionais(CAEd) soma-se \u00e0 divulga\u00e7\u00e3o semanal dos novos projetos de mulheres relacionados aos Objetivos de Desenvolvimento Sustent\u00e1vel da Agenda 2030. Nesta semana, mat\u00e9ria sobre professora Carlise Schneider, do Departamento de Comunica\u00e7\u00e3o Social.<\/p>\n","protected":false},"author":252,"featured_media":0,"comment_status":"closed","ping_status":"closed","sticky":false,"template":"","format":"standard","meta":{"footnotes":""},"categories":[1],"tags":[],"class_list":["post-4212","post","type-post","status-publish","format-standard","hentry","category-sem-categoria"],"acf":[],"_links":{"self":[{"href":"https:\/\/www.ufsm.br\/pro-reitorias\/prograd\/caed\/wp-json\/wp\/v2\/posts\/4212","targetHints":{"allow":["GET"]}}],"collection":[{"href":"https:\/\/www.ufsm.br\/pro-reitorias\/prograd\/caed\/wp-json\/wp\/v2\/posts"}],"about":[{"href":"https:\/\/www.ufsm.br\/pro-reitorias\/prograd\/caed\/wp-json\/wp\/v2\/types\/post"}],"author":[{"embeddable":true,"href":"https:\/\/www.ufsm.br\/pro-reitorias\/prograd\/caed\/wp-json\/wp\/v2\/users\/252"}],"replies":[{"embeddable":true,"href":"https:\/\/www.ufsm.br\/pro-reitorias\/prograd\/caed\/wp-json\/wp\/v2\/comments?post=4212"}],"version-history":[{"count":0,"href":"https:\/\/www.ufsm.br\/pro-reitorias\/prograd\/caed\/wp-json\/wp\/v2\/posts\/4212\/revisions"}],"wp:attachment":[{"href":"https:\/\/www.ufsm.br\/pro-reitorias\/prograd\/caed\/wp-json\/wp\/v2\/media?parent=4212"}],"wp:term":[{"taxonomy":"category","embeddable":true,"href":"https:\/\/www.ufsm.br\/pro-reitorias\/prograd\/caed\/wp-json\/wp\/v2\/categories?post=4212"},{"taxonomy":"post_tag","embeddable":true,"href":"https:\/\/www.ufsm.br\/pro-reitorias\/prograd\/caed\/wp-json\/wp\/v2\/tags?post=4212"}],"curies":[{"name":"wp","href":"https:\/\/api.w.org\/{rel}","templated":true}]}}