{"id":4244,"date":"2021-05-29T21:10:26","date_gmt":"2021-05-30T00:10:26","guid":{"rendered":"https:\/\/www.ufsm.br\/orgaos-executivos\/caed\/?p=4244"},"modified":"2021-05-29T21:10:47","modified_gmt":"2021-05-30T00:10:47","slug":"tv-campus-na-tv-aberta","status":"publish","type":"post","link":"https:\/\/www.ufsm.br\/pro-reitorias\/prograd\/caed\/2021\/05\/29\/tv-campus-na-tv-aberta","title":{"rendered":"TV CAMPUS NA TV ABERTA"},"content":{"rendered":"\n<p><b>A<\/b> Universidade Federal de Santa Maria(UFSM)\/Coordenadoria de A\u00e7\u00f5es Educacionais(CAEd) soma-se \u00e0 divulga\u00e7\u00e3o de que a TV Campus exibir\u00e1 seu conte\u00fado todas as quartas-feiras, \u00e0s 21h00min, no canal 18.2 da TV aberta digital (TV C\u00e2mara). S\u00e3o programas, reportagens e document\u00e1rios que abordam o universo cient\u00edfico da UFSM, mostram os projetos de pesquisa, ensino e extens\u00e3o, e divulgam as a\u00e7\u00f5es institucionais e da comunidade acad\u00eamica.<\/p>\n<p>Maiores informa\u00e7\u00f5es podem ser conferidas em\u00a0<a href=\"https:\/\/www.youtube.com\/watch?fbclid=IwAR25kRXazmBZphaKLC9haXVI1Xh6tEaA2bfsd-L0qywH-_iG2GKsqKc1naA&amp;v=vD2DENeGGss&amp;feature=youtu.be\" target=\"_blank\" rel=\"noopener\" data-saferedirecturl=\"https:\/\/www.google.com\/url?q=https:\/\/www.youtube.com\/watch?fbclid%3DIwAR25kRXazmBZphaKLC9haXVI1Xh6tEaA2bfsd-L0qywH-_iG2GKsqKc1naA%26v%3DvD2DENeGGss%26feature%3Dyoutu.be&amp;source=gmail&amp;ust=1622391512181000&amp;usg=AFQjCNHweU1UynO8d3zaJx_ywwy74YQ_sQ\">Mat\u00e9ria no YouTube da TV Campus<\/a>.<\/p>\n<div>\u00a0<\/div>\n","protected":false},"excerpt":{"rendered":"<p>A Universidade Federal de Santa Maria(UFSM)\/Coordenadoria de A\u00e7\u00f5es Educacionais(CAEd) soma-se \u00e0 divulga\u00e7\u00e3o de que a TV Campus exibir\u00e1 seu conte\u00fado todas as quartas-feiras, \u00e0s 21h00min, no canal 18.2 da TV aberta digital (TV C\u00e2mara). S\u00e3o programas, reportagens e document\u00e1rios que abordam o universo cient\u00edfico da UFSM, mostram os projetos de pesquisa, ensino e extens\u00e3o, e [&hellip;]<\/p>\n","protected":false},"author":252,"featured_media":0,"comment_status":"closed","ping_status":"closed","sticky":false,"template":"","format":"standard","meta":{"footnotes":""},"categories":[1],"tags":[],"class_list":["post-4244","post","type-post","status-publish","format-standard","hentry","category-sem-categoria"],"acf":[],"_links":{"self":[{"href":"https:\/\/www.ufsm.br\/pro-reitorias\/prograd\/caed\/wp-json\/wp\/v2\/posts\/4244","targetHints":{"allow":["GET"]}}],"collection":[{"href":"https:\/\/www.ufsm.br\/pro-reitorias\/prograd\/caed\/wp-json\/wp\/v2\/posts"}],"about":[{"href":"https:\/\/www.ufsm.br\/pro-reitorias\/prograd\/caed\/wp-json\/wp\/v2\/types\/post"}],"author":[{"embeddable":true,"href":"https:\/\/www.ufsm.br\/pro-reitorias\/prograd\/caed\/wp-json\/wp\/v2\/users\/252"}],"replies":[{"embeddable":true,"href":"https:\/\/www.ufsm.br\/pro-reitorias\/prograd\/caed\/wp-json\/wp\/v2\/comments?post=4244"}],"version-history":[{"count":0,"href":"https:\/\/www.ufsm.br\/pro-reitorias\/prograd\/caed\/wp-json\/wp\/v2\/posts\/4244\/revisions"}],"wp:attachment":[{"href":"https:\/\/www.ufsm.br\/pro-reitorias\/prograd\/caed\/wp-json\/wp\/v2\/media?parent=4244"}],"wp:term":[{"taxonomy":"category","embeddable":true,"href":"https:\/\/www.ufsm.br\/pro-reitorias\/prograd\/caed\/wp-json\/wp\/v2\/categories?post=4244"},{"taxonomy":"post_tag","embeddable":true,"href":"https:\/\/www.ufsm.br\/pro-reitorias\/prograd\/caed\/wp-json\/wp\/v2\/tags?post=4244"}],"curies":[{"name":"wp","href":"https:\/\/api.w.org\/{rel}","templated":true}]}}