{"id":4246,"date":"2021-05-29T21:17:22","date_gmt":"2021-05-30T00:17:22","guid":{"rendered":"https:\/\/www.ufsm.br\/orgaos-executivos\/caed\/?p=4246"},"modified":"2021-05-29T21:17:24","modified_gmt":"2021-05-30T00:17:24","slug":"mes-da-familia","status":"publish","type":"post","link":"https:\/\/www.ufsm.br\/pro-reitorias\/prograd\/caed\/2021\/05\/29\/mes-da-familia","title":{"rendered":"M\u00caS DA FAM\u00cdLIA"},"content":{"rendered":"\n<p>A Universidade Federal de Santa Maria\/Universidade Federal de Santa Maria(UFSM), em comemora\u00e7\u00e3o ao M\u00eas da Fam\u00edlia, segue contando hist\u00f3rias de diversas fam\u00edlias impactadas pela UFSM. J\u00e1 foram contadas as hist\u00f3rias da <a href=\"https:\/\/www.ufsm.br\/2021\/05\/05\/mes-da-familia-uma-historia-compartilhada-entre-avo-e-neta\/\" target=\"_blank\" rel=\"noopener\" data-saferedirecturl=\"https:\/\/www.google.com\/url?q=https:\/\/www.ufsm.br\/2021\/05\/05\/mes-da-familia-uma-historia-compartilhada-entre-avo-e-neta\/&amp;source=gmail&amp;ust=1622391512181000&amp;usg=AFQjCNEdHLMtvHH6ZvU-Gnrq9OumYdwBXg\">Karohelen Dias<\/a>,\u00a0da\u00a0<a href=\"https:\/\/www.ufsm.br\/2021\/05\/12\/mes-da-familia-a-filha-de-agricultores-que-tornou-se-docente\/\" target=\"_blank\" rel=\"noopener\" data-saferedirecturl=\"https:\/\/www.google.com\/url?q=https:\/\/www.ufsm.br\/2021\/05\/12\/mes-da-familia-a-filha-de-agricultores-que-tornou-se-docente\/&amp;source=gmail&amp;ust=1622391512181000&amp;usg=AFQjCNHEZzNUiSsbk4ar17SWgjCuwXdSYg\">Fabiane Dominguez<\/a>\u00a0e do\u00a0<a href=\"https:\/\/www.ufsm.br\/2021\/05\/19\/mes-da-familia-egressos-que-deram-origem-a-um-filho-da-ufsm\/\" target=\"_blank\" rel=\"noopener\" data-saferedirecturl=\"https:\/\/www.google.com\/url?q=https:\/\/www.ufsm.br\/2021\/05\/19\/mes-da-familia-egressos-que-deram-origem-a-um-filho-da-ufsm\/&amp;source=gmail&amp;ust=1622391512181000&amp;usg=AFQjCNF1xLyMCGUxJZOSDwJcBs-4d5U1UA\">Victor Dutra<\/a>. Quarta-feira, publicaremos a hist\u00f3ria da fam\u00edlia Bolzan.<\/p>\n","protected":false},"excerpt":{"rendered":"<p>A Universidade Federal de Santa Maria\/Universidade Federal de Santa Maria(UFSM), em comemora\u00e7\u00e3o ao M\u00eas da Fam\u00edlia, segue contando hist\u00f3rias de diversas fam\u00edlias impactadas pela UFSM. J\u00e1 foram contadas as hist\u00f3rias da Karohelen Dias,\u00a0da\u00a0Fabiane Dominguez\u00a0e do\u00a0Victor Dutra. Quarta-feira, publicaremos a hist\u00f3ria da fam\u00edlia Bolzan.<\/p>\n","protected":false},"author":252,"featured_media":0,"comment_status":"closed","ping_status":"closed","sticky":false,"template":"","format":"standard","meta":{"footnotes":""},"categories":[1],"tags":[],"class_list":["post-4246","post","type-post","status-publish","format-standard","hentry","category-sem-categoria"],"acf":[],"_links":{"self":[{"href":"https:\/\/www.ufsm.br\/pro-reitorias\/prograd\/caed\/wp-json\/wp\/v2\/posts\/4246","targetHints":{"allow":["GET"]}}],"collection":[{"href":"https:\/\/www.ufsm.br\/pro-reitorias\/prograd\/caed\/wp-json\/wp\/v2\/posts"}],"about":[{"href":"https:\/\/www.ufsm.br\/pro-reitorias\/prograd\/caed\/wp-json\/wp\/v2\/types\/post"}],"author":[{"embeddable":true,"href":"https:\/\/www.ufsm.br\/pro-reitorias\/prograd\/caed\/wp-json\/wp\/v2\/users\/252"}],"replies":[{"embeddable":true,"href":"https:\/\/www.ufsm.br\/pro-reitorias\/prograd\/caed\/wp-json\/wp\/v2\/comments?post=4246"}],"version-history":[{"count":0,"href":"https:\/\/www.ufsm.br\/pro-reitorias\/prograd\/caed\/wp-json\/wp\/v2\/posts\/4246\/revisions"}],"wp:attachment":[{"href":"https:\/\/www.ufsm.br\/pro-reitorias\/prograd\/caed\/wp-json\/wp\/v2\/media?parent=4246"}],"wp:term":[{"taxonomy":"category","embeddable":true,"href":"https:\/\/www.ufsm.br\/pro-reitorias\/prograd\/caed\/wp-json\/wp\/v2\/categories?post=4246"},{"taxonomy":"post_tag","embeddable":true,"href":"https:\/\/www.ufsm.br\/pro-reitorias\/prograd\/caed\/wp-json\/wp\/v2\/tags?post=4246"}],"curies":[{"name":"wp","href":"https:\/\/api.w.org\/{rel}","templated":true}]}}