{"id":4247,"date":"2021-05-29T21:22:35","date_gmt":"2021-05-30T00:22:35","guid":{"rendered":"https:\/\/www.ufsm.br\/orgaos-executivos\/caed\/?p=4247"},"modified":"2021-05-29T21:22:36","modified_gmt":"2021-05-30T00:22:36","slug":"mulheres-sustentaveis-e-transformadoras-2","status":"publish","type":"post","link":"https:\/\/www.ufsm.br\/pro-reitorias\/prograd\/caed\/2021\/05\/29\/mulheres-sustentaveis-e-transformadoras-2","title":{"rendered":"MULHERES SUSTENT\u00c1VEIS E TRANSFORMADORAS"},"content":{"rendered":"\n<p>A Universidade Federal de Santa Maria(UFSM)\/Coordenadoria de A\u00e7\u00f5es Educacionais(CAEd) soma-se \u00e0 divulga\u00e7\u00e3o semanal dos novos projetos de mulheres relacionados aos Objetivos de Desenvolvimento Sustent\u00e1vel da Agenda 2030. Na \u00faltima semana, <a href=\"https:\/\/www.ufsm.br\/pro-reitorias\/proinfra\/uma\/?p=913\" target=\"_blank\" rel=\"noopener\" data-saferedirecturl=\"https:\/\/www.google.com\/url?q=https:\/\/www.ufsm.br\/pro-reitorias\/proinfra\/uma\/?p%3D913&amp;source=gmail&amp;ust=1622391512181000&amp;usg=AFQjCNGO6_EFK0oFtIEPDSE8VQc32YMBVg\">mat\u00e9ria sobre projeto da professora Marluza da Rosa, do Departamento de Comunica\u00e7\u00e3o Social, do campus de Frederico Westphalen.<\/a>\u00a0<\/p>\n<p>Outras mat\u00e9rias podem ser conferidas <a href=\"https:\/\/www.ufsm.br\/pro-reitorias\/proinfra\/uma\/mulheressustentaveis\/\" target=\"_blank\" rel=\"noopener\" data-saferedirecturl=\"https:\/\/www.google.com\/url?q=https:\/\/www.ufsm.br\/pro-reitorias\/proinfra\/uma\/mulheressustentaveis\/&amp;source=gmail&amp;ust=1622391512181000&amp;usg=AFQjCNEmUO3gobK6pFxqQQDIHdWMXC97rQ\">no site do UMA<\/a>.\u00a0<\/p>\n<div>\u00a0<\/div>\n","protected":false},"excerpt":{"rendered":"<p>A Universidade Federal de Santa Maria(UFSM)\/Coordenadoria de A\u00e7\u00f5es Educacionais(CAEd) soma-se \u00e0 divulga\u00e7\u00e3o semanal dos novos projetos de mulheres relacionados aos Objetivos de Desenvolvimento Sustent\u00e1vel da Agenda 2030. Na \u00faltima semana, mat\u00e9ria sobre projeto da professora Marluza da Rosa, do Departamento de Comunica\u00e7\u00e3o Social, do campus de Frederico Westphalen.\u00a0 Outras mat\u00e9rias podem ser conferidas no site [&hellip;]<\/p>\n","protected":false},"author":252,"featured_media":0,"comment_status":"closed","ping_status":"closed","sticky":false,"template":"","format":"standard","meta":{"footnotes":""},"categories":[1],"tags":[],"class_list":["post-4247","post","type-post","status-publish","format-standard","hentry","category-sem-categoria"],"acf":[],"_links":{"self":[{"href":"https:\/\/www.ufsm.br\/pro-reitorias\/prograd\/caed\/wp-json\/wp\/v2\/posts\/4247","targetHints":{"allow":["GET"]}}],"collection":[{"href":"https:\/\/www.ufsm.br\/pro-reitorias\/prograd\/caed\/wp-json\/wp\/v2\/posts"}],"about":[{"href":"https:\/\/www.ufsm.br\/pro-reitorias\/prograd\/caed\/wp-json\/wp\/v2\/types\/post"}],"author":[{"embeddable":true,"href":"https:\/\/www.ufsm.br\/pro-reitorias\/prograd\/caed\/wp-json\/wp\/v2\/users\/252"}],"replies":[{"embeddable":true,"href":"https:\/\/www.ufsm.br\/pro-reitorias\/prograd\/caed\/wp-json\/wp\/v2\/comments?post=4247"}],"version-history":[{"count":0,"href":"https:\/\/www.ufsm.br\/pro-reitorias\/prograd\/caed\/wp-json\/wp\/v2\/posts\/4247\/revisions"}],"wp:attachment":[{"href":"https:\/\/www.ufsm.br\/pro-reitorias\/prograd\/caed\/wp-json\/wp\/v2\/media?parent=4247"}],"wp:term":[{"taxonomy":"category","embeddable":true,"href":"https:\/\/www.ufsm.br\/pro-reitorias\/prograd\/caed\/wp-json\/wp\/v2\/categories?post=4247"},{"taxonomy":"post_tag","embeddable":true,"href":"https:\/\/www.ufsm.br\/pro-reitorias\/prograd\/caed\/wp-json\/wp\/v2\/tags?post=4247"}],"curies":[{"name":"wp","href":"https:\/\/api.w.org\/{rel}","templated":true}]}}