{"id":4248,"date":"2021-05-29T21:30:36","date_gmt":"2021-05-30T00:30:36","guid":{"rendered":"https:\/\/www.ufsm.br\/orgaos-executivos\/caed\/?p=4248"},"modified":"2021-05-29T21:30:37","modified_gmt":"2021-05-30T00:30:37","slug":"auxilio-ao-projeto-zelo","status":"publish","type":"post","link":"https:\/\/www.ufsm.br\/pro-reitorias\/prograd\/caed\/2021\/05\/29\/auxilio-ao-projeto-zelo","title":{"rendered":"AUX\u00cdLIO AO PROJETO ZELO"},"content":{"rendered":"\n<p>\u00a0A Universidade Federal de Santa Maria(UFSM)\/Coordenadoria de A\u00e7\u00f5es Educacionais(CAEd) soma-se \u00e0 divulga\u00e7\u00e3o de campanha solid\u00e1ria lan\u00e7ada pelo Projeto Zelo, com o slogan #AlimenteUmFocinhoZelo, que ilustra como os seguidores do projeto, que atualmente perfazem o n\u00famero de quatro mil pessoas, possuem a possibilidade de fazer doa\u00e7\u00f5es ao Projeto Zelo com apenas um real, ou com outros valores. A doa\u00e7\u00e3o pode ser feita pelo Pix \u2013 <a href=\"mailto:fabiana@ufsm.br\" target=\"_blank\" rel=\"noopener\">fabiana@ufsm.br<\/a> \u2013 o novo meio de transfer\u00eancia banc\u00e1ria das institui\u00e7\u00f5es financeiras.<\/p>\n<p>Maiores informa\u00e7\u00f5es podem ser conferidas em <a href=\"https:\/\/www.ufsm.br\/unidades-universitarias\/politecnico\/2021\/04\/14\/projeto-zelo-conheca-sua-historia-e-suas-acoes-em-tempos-de-pandemia\/\" target=\"_blank\" rel=\"noopener\" data-saferedirecturl=\"https:\/\/www.google.com\/url?q=https:\/\/www.ufsm.br\/unidades-universitarias\/politecnico\/2021\/04\/14\/projeto-zelo-conheca-sua-historia-e-suas-acoes-em-tempos-de-pandemia\/&amp;source=gmail&amp;ust=1622391512181000&amp;usg=AFQjCNFH-YKVz2igSVrhm-xFToqT1LW-Tg\">Projeto Zelo, <\/a><a href=\"https:\/\/www.facebook.com\/projetozeloufsm\" target=\"_blank\" rel=\"noopener\" data-saferedirecturl=\"https:\/\/www.google.com\/url?q=https:\/\/www.facebook.com\/projetozeloufsm&amp;source=gmail&amp;ust=1622391512181000&amp;usg=AFQjCNEXOXwQO8LQXZEUTjzY_KOPl8bNvw\">Facebook do Zelo e <\/a><a href=\"https:\/\/www.instagram.com\/zeloufsm\/\" target=\"_blank\" rel=\"noopener\" data-saferedirecturl=\"https:\/\/www.google.com\/url?q=https:\/\/www.instagram.com\/zeloufsm\/&amp;source=gmail&amp;ust=1622391512181000&amp;usg=AFQjCNEvnJ80RJ2KbMIwq8WcImJ6y9EWGg\">Instagram do Zelo<\/a>.<\/p>\n","protected":false},"excerpt":{"rendered":"<p>\u00a0A Universidade Federal de Santa Maria(UFSM)\/Coordenadoria de A\u00e7\u00f5es Educacionais(CAEd) soma-se \u00e0 divulga\u00e7\u00e3o de campanha solid\u00e1ria lan\u00e7ada pelo Projeto Zelo, com o slogan #AlimenteUmFocinhoZelo, que ilustra como os seguidores do projeto, que atualmente perfazem o n\u00famero de quatro mil pessoas, possuem a possibilidade de fazer doa\u00e7\u00f5es ao Projeto Zelo com apenas um real, ou com outros [&hellip;]<\/p>\n","protected":false},"author":252,"featured_media":0,"comment_status":"closed","ping_status":"closed","sticky":false,"template":"","format":"standard","meta":{"footnotes":""},"categories":[1],"tags":[],"class_list":["post-4248","post","type-post","status-publish","format-standard","hentry","category-sem-categoria"],"acf":[],"_links":{"self":[{"href":"https:\/\/www.ufsm.br\/pro-reitorias\/prograd\/caed\/wp-json\/wp\/v2\/posts\/4248","targetHints":{"allow":["GET"]}}],"collection":[{"href":"https:\/\/www.ufsm.br\/pro-reitorias\/prograd\/caed\/wp-json\/wp\/v2\/posts"}],"about":[{"href":"https:\/\/www.ufsm.br\/pro-reitorias\/prograd\/caed\/wp-json\/wp\/v2\/types\/post"}],"author":[{"embeddable":true,"href":"https:\/\/www.ufsm.br\/pro-reitorias\/prograd\/caed\/wp-json\/wp\/v2\/users\/252"}],"replies":[{"embeddable":true,"href":"https:\/\/www.ufsm.br\/pro-reitorias\/prograd\/caed\/wp-json\/wp\/v2\/comments?post=4248"}],"version-history":[{"count":0,"href":"https:\/\/www.ufsm.br\/pro-reitorias\/prograd\/caed\/wp-json\/wp\/v2\/posts\/4248\/revisions"}],"wp:attachment":[{"href":"https:\/\/www.ufsm.br\/pro-reitorias\/prograd\/caed\/wp-json\/wp\/v2\/media?parent=4248"}],"wp:term":[{"taxonomy":"category","embeddable":true,"href":"https:\/\/www.ufsm.br\/pro-reitorias\/prograd\/caed\/wp-json\/wp\/v2\/categories?post=4248"},{"taxonomy":"post_tag","embeddable":true,"href":"https:\/\/www.ufsm.br\/pro-reitorias\/prograd\/caed\/wp-json\/wp\/v2\/tags?post=4248"}],"curies":[{"name":"wp","href":"https:\/\/api.w.org\/{rel}","templated":true}]}}