{"id":4256,"date":"2021-06-02T21:19:35","date_gmt":"2021-06-03T00:19:35","guid":{"rendered":"https:\/\/www.ufsm.br\/orgaos-executivos\/caed\/?p=4256"},"modified":"2021-06-02T21:49:20","modified_gmt":"2021-06-03T00:49:20","slug":"entrevista-com-o-medico-psiquiatra-e-professor-vitor-crestani-calegaro-sobre-os-resultados-finais-da-pesquisa-covid-psiq-e-sobre-o-projeto-resilieight","status":"publish","type":"post","link":"https:\/\/www.ufsm.br\/pro-reitorias\/prograd\/caed\/2021\/06\/02\/entrevista-com-o-medico-psiquiatra-e-professor-vitor-crestani-calegaro-sobre-os-resultados-finais-da-pesquisa-covid-psiq-e-sobre-o-projeto-resilieight","title":{"rendered":"ENTREVISTA COM O M\u00c9DICO PSIQUIATRA E PROFESSOR VITOR CRESTANI CALEGARO, SOBRE OS RESULTADOS FINAIS DA PESQUISA COVID Psiq E SOBRE O PROJETO RESILIEIGHT"},"content":{"rendered":"\n<p>A Universidade Federal de Santa Maria(UFSM)\/Coordenadoria de A\u00e7\u00f5es Educacionais(CAEd) divulga entrevista com o m\u00e9dico psiquiatra e professor do Departamento de Neuropsiquiatria, Dr. Vitor Crestani Calegaro, no programa Editoria 107.9, da R\u00e1dio UniFM, veiculada na data de 25 de maio de 2021, \u00e0s 10h00min. A entrevista pode ser conferida a seguir:<\/p>\n<audio class=\"wp-audio-shortcode\" id=\"audio-4256-1\" preload=\"none\" style=\"width: 100%;\" controls=\"controls\"><source type=\"audio\/mpeg\" src=\"https:\/\/www.ufsm.br\/app\/uploads\/sites\/391\/2021\/06\/Editoria-107.9-Entrevista-Medico-Psiquiatra-e-Professor-Vitor-Crestani-Calegaro.mp3?_=1\" \/><a href=\"https:\/\/www.ufsm.br\/app\/uploads\/sites\/391\/2021\/06\/Editoria-107.9-Entrevista-Medico-Psiquiatra-e-Professor-Vitor-Crestani-Calegaro.mp3\">https:\/\/www.ufsm.br\/app\/uploads\/sites\/391\/2021\/06\/Editoria-107.9-Entrevista-Medico-Psiquiatra-e-Professor-Vitor-Crestani-Calegaro.mp3<\/a><\/audio>\n","protected":false},"excerpt":{"rendered":"<p>A Universidade Federal de Santa Maria(UFSM)\/Coordenadoria de A\u00e7\u00f5es Educacionais(CAEd) divulga entrevista com o m\u00e9dico psiquiatra e professor do Departamento de Neuropsiquiatria, Dr. Vitor Crestani Calegaro, no programa Editoria 107.9, da R\u00e1dio UniFM, veiculada na data de 25 de maio de 2021, \u00e0s 10h00min. A entrevista pode ser conferida a seguir:<\/p>\n","protected":false},"author":252,"featured_media":0,"comment_status":"closed","ping_status":"closed","sticky":false,"template":"","format":"standard","meta":{"footnotes":""},"categories":[1],"tags":[],"class_list":["post-4256","post","type-post","status-publish","format-standard","hentry","category-sem-categoria"],"acf":[],"_links":{"self":[{"href":"https:\/\/www.ufsm.br\/pro-reitorias\/prograd\/caed\/wp-json\/wp\/v2\/posts\/4256","targetHints":{"allow":["GET"]}}],"collection":[{"href":"https:\/\/www.ufsm.br\/pro-reitorias\/prograd\/caed\/wp-json\/wp\/v2\/posts"}],"about":[{"href":"https:\/\/www.ufsm.br\/pro-reitorias\/prograd\/caed\/wp-json\/wp\/v2\/types\/post"}],"author":[{"embeddable":true,"href":"https:\/\/www.ufsm.br\/pro-reitorias\/prograd\/caed\/wp-json\/wp\/v2\/users\/252"}],"replies":[{"embeddable":true,"href":"https:\/\/www.ufsm.br\/pro-reitorias\/prograd\/caed\/wp-json\/wp\/v2\/comments?post=4256"}],"version-history":[{"count":0,"href":"https:\/\/www.ufsm.br\/pro-reitorias\/prograd\/caed\/wp-json\/wp\/v2\/posts\/4256\/revisions"}],"wp:attachment":[{"href":"https:\/\/www.ufsm.br\/pro-reitorias\/prograd\/caed\/wp-json\/wp\/v2\/media?parent=4256"}],"wp:term":[{"taxonomy":"category","embeddable":true,"href":"https:\/\/www.ufsm.br\/pro-reitorias\/prograd\/caed\/wp-json\/wp\/v2\/categories?post=4256"},{"taxonomy":"post_tag","embeddable":true,"href":"https:\/\/www.ufsm.br\/pro-reitorias\/prograd\/caed\/wp-json\/wp\/v2\/tags?post=4256"}],"curies":[{"name":"wp","href":"https:\/\/api.w.org\/{rel}","templated":true}]}}