{"id":4274,"date":"2021-06-05T22:42:37","date_gmt":"2021-06-06T01:42:37","guid":{"rendered":"https:\/\/www.ufsm.br\/orgaos-executivos\/caed\/?p=4274"},"modified":"2021-06-05T22:42:38","modified_gmt":"2021-06-06T01:42:38","slug":"chamada-interna-psicoeducacao-e-primeiros-cuidados-psicologicos-como-estrategias-de-prevencao-e-promocao-da-saude-durante-a-pandemia-de-covid-19","status":"publish","type":"post","link":"https:\/\/www.ufsm.br\/pro-reitorias\/prograd\/caed\/2021\/06\/05\/chamada-interna-psicoeducacao-e-primeiros-cuidados-psicologicos-como-estrategias-de-prevencao-e-promocao-da-saude-durante-a-pandemia-de-covid-19","title":{"rendered":"CHAMADA INTERNA &#8211; Psicoeduca\u00e7\u00e3o e primeiros cuidados psicol\u00f3gicos como estrat\u00e9gias de preven\u00e7\u00e3o e promo\u00e7\u00e3o da sa\u00fade durante a pandemia de covid-19"},"content":{"rendered":"\n<p>A Universidade Federal de Santa Maria(UFSM)\/Coordenadoria de A\u00e7\u00f5es Educacionais(CAEd) divulga chamada interna para sele\u00e7\u00e3o de bolsista, para cadastro de reserva.\u00a0<\/p>\n<p><a href=\"https:\/\/www.ufsm.br\/app\/uploads\/sites\/391\/2021\/06\/CHAMADA-INTERNA-SELECAO-DE-BOLSISTA-Psicoeducacao-e-primeiros-cuidados-psicologicos-como-estrategias-de-prevencao-e-promocao-da-saude-durante-a-pandemia-de-Covid-19.docx\">CHAMADA INTERNA SELE\u00c7\u00c3O DE BOLSISTA Psicoeduca\u00e7\u00e3o e primeiros cuidados psicol\u00f3gicos como estrat\u00e9gias de preven\u00e7\u00e3o e promo\u00e7\u00e3o da sa\u00fade durante a pandemia de Covid-19<\/a><\/p>\n","protected":false},"excerpt":{"rendered":"<p>A Universidade Federal de Santa Maria(UFSM)\/Coordenadoria de A\u00e7\u00f5es Educacionais(CAEd) divulga chamada interna para sele\u00e7\u00e3o de bolsista, para cadastro de reserva.\u00a0 CHAMADA INTERNA SELE\u00c7\u00c3O DE BOLSISTA Psicoeduca\u00e7\u00e3o e primeiros cuidados psicol\u00f3gicos como estrat\u00e9gias de preven\u00e7\u00e3o e promo\u00e7\u00e3o da sa\u00fade durante a pandemia de Covid-19<\/p>\n","protected":false},"author":252,"featured_media":0,"comment_status":"closed","ping_status":"closed","sticky":false,"template":"","format":"standard","meta":{"footnotes":""},"categories":[1],"tags":[],"class_list":["post-4274","post","type-post","status-publish","format-standard","hentry","category-sem-categoria"],"acf":[],"_links":{"self":[{"href":"https:\/\/www.ufsm.br\/pro-reitorias\/prograd\/caed\/wp-json\/wp\/v2\/posts\/4274","targetHints":{"allow":["GET"]}}],"collection":[{"href":"https:\/\/www.ufsm.br\/pro-reitorias\/prograd\/caed\/wp-json\/wp\/v2\/posts"}],"about":[{"href":"https:\/\/www.ufsm.br\/pro-reitorias\/prograd\/caed\/wp-json\/wp\/v2\/types\/post"}],"author":[{"embeddable":true,"href":"https:\/\/www.ufsm.br\/pro-reitorias\/prograd\/caed\/wp-json\/wp\/v2\/users\/252"}],"replies":[{"embeddable":true,"href":"https:\/\/www.ufsm.br\/pro-reitorias\/prograd\/caed\/wp-json\/wp\/v2\/comments?post=4274"}],"version-history":[{"count":0,"href":"https:\/\/www.ufsm.br\/pro-reitorias\/prograd\/caed\/wp-json\/wp\/v2\/posts\/4274\/revisions"}],"wp:attachment":[{"href":"https:\/\/www.ufsm.br\/pro-reitorias\/prograd\/caed\/wp-json\/wp\/v2\/media?parent=4274"}],"wp:term":[{"taxonomy":"category","embeddable":true,"href":"https:\/\/www.ufsm.br\/pro-reitorias\/prograd\/caed\/wp-json\/wp\/v2\/categories?post=4274"},{"taxonomy":"post_tag","embeddable":true,"href":"https:\/\/www.ufsm.br\/pro-reitorias\/prograd\/caed\/wp-json\/wp\/v2\/tags?post=4274"}],"curies":[{"name":"wp","href":"https:\/\/api.w.org\/{rel}","templated":true}]}}