{"id":4278,"date":"2021-06-08T12:21:48","date_gmt":"2021-06-08T15:21:48","guid":{"rendered":"https:\/\/www.ufsm.br\/orgaos-executivos\/caed\/?p=4278"},"modified":"2021-06-08T12:21:50","modified_gmt":"2021-06-08T15:21:50","slug":"chamada-interna-psicoeducacao-e-primeiros-cuidados-psicologicos-como-estrategias-de-prevencao-e-promocao-da-saude-durante-a-pandemia-de-covid-19-resultado","status":"publish","type":"post","link":"https:\/\/www.ufsm.br\/pro-reitorias\/prograd\/caed\/2021\/06\/08\/chamada-interna-psicoeducacao-e-primeiros-cuidados-psicologicos-como-estrategias-de-prevencao-e-promocao-da-saude-durante-a-pandemia-de-covid-19-resultado","title":{"rendered":"Chamada interna &#8211; Psicoeduca\u00e7\u00e3o e primeiros cuidados psicol\u00f3gicos como estrat\u00e9gias de preven\u00e7\u00e3o e promo\u00e7\u00e3o da sa\u00fade durante a pandemia de covid-19  &#8211; RESULTADO"},"content":{"rendered":"\n<p>A Universidade Federal de Santa Maria(UFSM)\/Coordenadoria de A\u00e7\u00f5es Educacionais divulga, em anexo, o resultado preliminar da chamada interna do programa de extens\u00e3o Psicoeduca\u00e7\u00e3o e primeiros cuidados psicol\u00f3gicos como estrat\u00e9gias de preven\u00e7\u00e3o e promo\u00e7\u00e3o da sa\u00fade durante a pandemia de covid-19.<\/p>\n<p><a href=\"https:\/\/www.ufsm.br\/app\/uploads\/sites\/391\/2021\/06\/Psicoeducacao-e-primeiros-cuidados-psicologicos-como-estrategias-de-prevencao-e-promocao-da-saude-durante-a-pandemia-de-covid-19-RESULTADO.pdf\">Psicoeduca\u00e7\u00e3o e primeiros cuidados psicol\u00f3gicos como estrat\u00e9gias de preven\u00e7\u00e3o e promo\u00e7\u00e3o da sa\u00fade durante a pandemia de covid-19 RESULTADO<\/a><\/p>\n","protected":false},"excerpt":{"rendered":"<p>A Universidade Federal de Santa Maria(UFSM)\/Coordenadoria de A\u00e7\u00f5es Educacionais divulga, em anexo, o resultado preliminar da chamada interna do programa de extens\u00e3o Psicoeduca\u00e7\u00e3o e primeiros cuidados psicol\u00f3gicos como estrat\u00e9gias de preven\u00e7\u00e3o e promo\u00e7\u00e3o da sa\u00fade durante a pandemia de covid-19. Psicoeduca\u00e7\u00e3o e primeiros cuidados psicol\u00f3gicos como estrat\u00e9gias de preven\u00e7\u00e3o e promo\u00e7\u00e3o da sa\u00fade durante a [&hellip;]<\/p>\n","protected":false},"author":252,"featured_media":0,"comment_status":"closed","ping_status":"closed","sticky":false,"template":"","format":"standard","meta":{"footnotes":""},"categories":[1],"tags":[],"class_list":["post-4278","post","type-post","status-publish","format-standard","hentry","category-sem-categoria"],"acf":[],"_links":{"self":[{"href":"https:\/\/www.ufsm.br\/pro-reitorias\/prograd\/caed\/wp-json\/wp\/v2\/posts\/4278","targetHints":{"allow":["GET"]}}],"collection":[{"href":"https:\/\/www.ufsm.br\/pro-reitorias\/prograd\/caed\/wp-json\/wp\/v2\/posts"}],"about":[{"href":"https:\/\/www.ufsm.br\/pro-reitorias\/prograd\/caed\/wp-json\/wp\/v2\/types\/post"}],"author":[{"embeddable":true,"href":"https:\/\/www.ufsm.br\/pro-reitorias\/prograd\/caed\/wp-json\/wp\/v2\/users\/252"}],"replies":[{"embeddable":true,"href":"https:\/\/www.ufsm.br\/pro-reitorias\/prograd\/caed\/wp-json\/wp\/v2\/comments?post=4278"}],"version-history":[{"count":0,"href":"https:\/\/www.ufsm.br\/pro-reitorias\/prograd\/caed\/wp-json\/wp\/v2\/posts\/4278\/revisions"}],"wp:attachment":[{"href":"https:\/\/www.ufsm.br\/pro-reitorias\/prograd\/caed\/wp-json\/wp\/v2\/media?parent=4278"}],"wp:term":[{"taxonomy":"category","embeddable":true,"href":"https:\/\/www.ufsm.br\/pro-reitorias\/prograd\/caed\/wp-json\/wp\/v2\/categories?post=4278"},{"taxonomy":"post_tag","embeddable":true,"href":"https:\/\/www.ufsm.br\/pro-reitorias\/prograd\/caed\/wp-json\/wp\/v2\/tags?post=4278"}],"curies":[{"name":"wp","href":"https:\/\/api.w.org\/{rel}","templated":true}]}}