{"id":4280,"date":"2021-06-08T12:59:30","date_gmt":"2021-06-08T15:59:30","guid":{"rendered":"https:\/\/www.ufsm.br\/orgaos-executivos\/caed\/?p=4280"},"modified":"2021-06-08T13:00:24","modified_gmt":"2021-06-08T16:00:24","slug":"vacinacao-solidaria-na-ufsm","status":"publish","type":"post","link":"https:\/\/www.ufsm.br\/pro-reitorias\/prograd\/caed\/2021\/06\/08\/vacinacao-solidaria-na-ufsm","title":{"rendered":"VACINA\u00c7\u00c3O SOLID\u00c1RIA NA UFSM"},"content":{"rendered":"\n<div class=\"\" data-block=\"true\" data-editor=\"6bvi8\" data-offset-key=\"u0b9-0-0\">\n<div class=\"_1mf _1mj\" data-offset-key=\"u0b9-0-0\"><span data-offset-key=\"u0b9-0-0\">A Universidade Federal de Santa Maria(UFSM)\/Coordenadoria de A\u00e7\u00f5es Educacionais(CAEd) soma-se \u00e0 divulga\u00e7\u00e3o da VACINA\u00c7\u00c3O<\/span><span data-offset-key=\"u0b9-1-0\"> SOLID\u00c1RIA NA UFSM, que ocorre na ter\u00e7a-feira, dia 08 de junho de 2021, das 08h00min \u00e0s 19h00min. Vacine-se e aproveite para ajudar quem precisa, doando alimentos e agasalhos, no ponto de vacina\u00e7\u00e3o. A PoliFeira estar\u00e1 presente para quem quiser comprar na hora os alimentos para doa\u00e7\u00e3o.\u00a0<\/span><\/div>\n<\/div>\n<div class=\"\" data-block=\"true\" data-editor=\"6bvi8\" data-offset-key=\"dr3ao-0-0\">\n<div class=\"_1mf _1mj\" data-offset-key=\"dr3ao-0-0\"><span data-offset-key=\"dr3ao-0-0\">\u00a0<\/span><\/div>\n<\/div>\n<div class=\"\" data-block=\"true\" data-editor=\"6bvi8\" data-offset-key=\"1293f-0-0\">\n<div class=\"_1mf _1mj\" data-offset-key=\"1293f-0-0\"><span data-offset-key=\"1293f-0-0\"><strong>Descri\u00e7\u00e3o de imagem:<\/strong> cartaz em formato quadrado, referente \u00e0 vacina\u00e7\u00e3o, com fundo em nuances de azul. No quadrante esquerdo superior, l\u00ea-se &#8220;UFSM Solid\u00e1ria&#8221;. Abaixo, com um marcados de localiza\u00e7\u00e3o, l\u00ea-se &#8220;Centro de Eventos da UFSM&#8221;. A seguir, &#8220;Ter\u00e7a-feira, dia 08 de junho, das 8h \u00e0s 19h&#8221;. Abaixo, distribu\u00eddo horizontalmente, l\u00ea-se: &#8220;Vacine-se e aproveite para ajudar quem precisa, doando alimentos e agasalhos, no ponto de vacina\u00e7\u00e3o. A PoliFeira estar\u00e1 presente para quem quiser comprar na hora os alimentos para doa\u00e7\u00e3o&#8221;. Abaixo, em sentido horizontal, da esquerda para a direita, h\u00e1 o logo do Banco de Alimentos, da PoliFeira e da UFSM.<\/span><\/div>\n<div data-offset-key=\"1293f-0-0\">\u00a0<\/div>\n<\/div>\n<div data-offset-key=\"1293f-0-0\"><img fetchpriority=\"high\" decoding=\"async\" class=\"alignnone size-medium wp-image-4281 aligncenter\" src=\"https:\/\/www.ufsm.br\/app\/uploads\/sites\/391\/2021\/06\/VACINA--300x300.jpeg\" alt=\"\" width=\"300\" height=\"300\" srcset=\"https:\/\/www.ufsm.br\/app\/uploads\/sites\/391\/2021\/06\/VACINA--300x300.jpeg 300w, https:\/\/www.ufsm.br\/app\/uploads\/sites\/391\/2021\/06\/VACINA--1024x1024.jpeg 1024w, https:\/\/www.ufsm.br\/app\/uploads\/sites\/391\/2021\/06\/VACINA--150x150.jpeg 150w, https:\/\/www.ufsm.br\/app\/uploads\/sites\/391\/2021\/06\/VACINA--768x767.jpeg 768w, https:\/\/www.ufsm.br\/app\/uploads\/sites\/391\/2021\/06\/VACINA-.jpeg 1280w\" sizes=\"(max-width: 300px) 100vw, 300px\" \/><\/div>\n","protected":false},"excerpt":{"rendered":"<p>A Universidade Federal de Santa Maria(UFSM)\/Coordenadoria de A\u00e7\u00f5es Educacionais(CAEd) soma-se \u00e0 divulga\u00e7\u00e3o da VACINA\u00c7\u00c3O SOLID\u00c1RIA NA UFSM, que ocorre na ter\u00e7a-feira, dia 08 de junho de 2021, das 08h00min \u00e0s 19h00min. Vacine-se e aproveite para ajudar quem precisa, doando alimentos e agasalhos, no ponto de vacina\u00e7\u00e3o. A PoliFeira estar\u00e1 presente para quem quiser comprar na [&hellip;]<\/p>\n","protected":false},"author":252,"featured_media":0,"comment_status":"closed","ping_status":"closed","sticky":false,"template":"","format":"standard","meta":{"footnotes":""},"categories":[1],"tags":[],"class_list":["post-4280","post","type-post","status-publish","format-standard","hentry","category-sem-categoria"],"acf":[],"_links":{"self":[{"href":"https:\/\/www.ufsm.br\/pro-reitorias\/prograd\/caed\/wp-json\/wp\/v2\/posts\/4280","targetHints":{"allow":["GET"]}}],"collection":[{"href":"https:\/\/www.ufsm.br\/pro-reitorias\/prograd\/caed\/wp-json\/wp\/v2\/posts"}],"about":[{"href":"https:\/\/www.ufsm.br\/pro-reitorias\/prograd\/caed\/wp-json\/wp\/v2\/types\/post"}],"author":[{"embeddable":true,"href":"https:\/\/www.ufsm.br\/pro-reitorias\/prograd\/caed\/wp-json\/wp\/v2\/users\/252"}],"replies":[{"embeddable":true,"href":"https:\/\/www.ufsm.br\/pro-reitorias\/prograd\/caed\/wp-json\/wp\/v2\/comments?post=4280"}],"version-history":[{"count":0,"href":"https:\/\/www.ufsm.br\/pro-reitorias\/prograd\/caed\/wp-json\/wp\/v2\/posts\/4280\/revisions"}],"wp:attachment":[{"href":"https:\/\/www.ufsm.br\/pro-reitorias\/prograd\/caed\/wp-json\/wp\/v2\/media?parent=4280"}],"wp:term":[{"taxonomy":"category","embeddable":true,"href":"https:\/\/www.ufsm.br\/pro-reitorias\/prograd\/caed\/wp-json\/wp\/v2\/categories?post=4280"},{"taxonomy":"post_tag","embeddable":true,"href":"https:\/\/www.ufsm.br\/pro-reitorias\/prograd\/caed\/wp-json\/wp\/v2\/tags?post=4280"}],"curies":[{"name":"wp","href":"https:\/\/api.w.org\/{rel}","templated":true}]}}