{"id":4320,"date":"2021-06-08T23:29:19","date_gmt":"2021-06-09T02:29:19","guid":{"rendered":"https:\/\/www.ufsm.br\/orgaos-executivos\/caed\/?p=4320"},"modified":"2021-06-08T23:34:21","modified_gmt":"2021-06-09T02:34:21","slug":"resultado-final-chamada-interna-01-2021","status":"publish","type":"post","link":"https:\/\/www.ufsm.br\/pro-reitorias\/prograd\/caed\/2021\/06\/08\/resultado-final-chamada-interna-01-2021","title":{"rendered":"Resultado Final Chamada Interna 01\/2021"},"content":{"rendered":"\n<p>A Subdivis\u00e3o de A\u00e7\u00f5es Afirmativas Sociais, \u00c9tnico-Raciais e Ind\u00edgenas-CAED- PROGRAD divulga, conforme rela\u00e7\u00e3o abaixo, o resultado final da sele\u00e7\u00e3o para a bolsa do Projeto Dialogando A\u00e7\u00f5es Afirmativas nas Comunidades Abdias Nascimento:<\/p>\n<p>1- Aline Vargas Escobar<\/p>\n<p>2- Daniela de Souza Cezar<\/p>\n<p>3- Ester Pires Leite<\/p>\n","protected":false},"excerpt":{"rendered":"<p>A Subdivis\u00e3o de A\u00e7\u00f5es Afirmativas Sociais, \u00c9tnico-Raciais e Ind\u00edgenas-CAED- PROGRAD divulga, conforme rela\u00e7\u00e3o abaixo, o resultado final da sele\u00e7\u00e3o para a bolsa do Projeto Dialogando A\u00e7\u00f5es Afirmativas nas Comunidades Abdias Nascimento: 1- Aline Vargas Escobar 2- Daniela de Souza Cezar 3- Ester Pires Leite<\/p>\n","protected":false},"author":282,"featured_media":0,"comment_status":"closed","ping_status":"closed","sticky":false,"template":"","format":"standard","meta":{"footnotes":""},"categories":[1],"tags":[],"class_list":["post-4320","post","type-post","status-publish","format-standard","hentry","category-sem-categoria"],"acf":[],"_links":{"self":[{"href":"https:\/\/www.ufsm.br\/pro-reitorias\/prograd\/caed\/wp-json\/wp\/v2\/posts\/4320","targetHints":{"allow":["GET"]}}],"collection":[{"href":"https:\/\/www.ufsm.br\/pro-reitorias\/prograd\/caed\/wp-json\/wp\/v2\/posts"}],"about":[{"href":"https:\/\/www.ufsm.br\/pro-reitorias\/prograd\/caed\/wp-json\/wp\/v2\/types\/post"}],"author":[{"embeddable":true,"href":"https:\/\/www.ufsm.br\/pro-reitorias\/prograd\/caed\/wp-json\/wp\/v2\/users\/282"}],"replies":[{"embeddable":true,"href":"https:\/\/www.ufsm.br\/pro-reitorias\/prograd\/caed\/wp-json\/wp\/v2\/comments?post=4320"}],"version-history":[{"count":0,"href":"https:\/\/www.ufsm.br\/pro-reitorias\/prograd\/caed\/wp-json\/wp\/v2\/posts\/4320\/revisions"}],"wp:attachment":[{"href":"https:\/\/www.ufsm.br\/pro-reitorias\/prograd\/caed\/wp-json\/wp\/v2\/media?parent=4320"}],"wp:term":[{"taxonomy":"category","embeddable":true,"href":"https:\/\/www.ufsm.br\/pro-reitorias\/prograd\/caed\/wp-json\/wp\/v2\/categories?post=4320"},{"taxonomy":"post_tag","embeddable":true,"href":"https:\/\/www.ufsm.br\/pro-reitorias\/prograd\/caed\/wp-json\/wp\/v2\/tags?post=4320"}],"curies":[{"name":"wp","href":"https:\/\/api.w.org\/{rel}","templated":true}]}}