{"id":4321,"date":"2021-06-10T15:56:39","date_gmt":"2021-06-10T18:56:39","guid":{"rendered":"https:\/\/www.ufsm.br\/orgaos-executivos\/caed\/?p=4321"},"modified":"2021-06-10T16:05:47","modified_gmt":"2021-06-10T19:05:47","slug":"estagios-caed","status":"publish","type":"post","link":"https:\/\/www.ufsm.br\/pro-reitorias\/prograd\/caed\/2021\/06\/10\/estagios-caed","title":{"rendered":"Est\u00e1gios CAED"},"content":{"rendered":"\n<p>\u00a0<\/p>\n<h4>A CAED oferece:<\/h4>\n<ul>\n<li>Est\u00e1gio curricular para os estudantes do <strong>Curso de Educa\u00e7\u00e3o Especial<\/strong> da UFSM. Informa\u00e7\u00f5es pelo e-mail: <a href=\"mailto:caed.acessibilidade@ufsm.br\">caed.acessibilidade@ufsm.br<\/a>.<\/li>\n<li>Est\u00e1gio curricular para os estudantes do <strong>Curso de Psicologia<\/strong> da UFSM, que estejam cursando os \u00faltimos semestres do Curso. Para solicitar informa\u00e7\u00f5es, entrar em contato por e-mail: <a href=\"mailto:caed@ufsm.br\">caed@ufsm.br<\/a><\/li>\n<\/ul>\n<p>\u00a0<\/p>\n","protected":false},"excerpt":{"rendered":"<p>\u00a0 A CAED oferece: Est\u00e1gio curricular para os estudantes do Curso de Educa\u00e7\u00e3o Especial da UFSM. Informa\u00e7\u00f5es pelo e-mail: caed.acessibilidade@ufsm.br. Est\u00e1gio curricular para os estudantes do Curso de Psicologia da UFSM, que estejam cursando os \u00faltimos semestres do Curso. Para solicitar informa\u00e7\u00f5es, entrar em contato por e-mail: caed@ufsm.br \u00a0<\/p>\n","protected":false},"author":281,"featured_media":0,"comment_status":"closed","ping_status":"closed","sticky":false,"template":"","format":"standard","meta":{"footnotes":""},"categories":[1],"tags":[],"class_list":["post-4321","post","type-post","status-publish","format-standard","hentry","category-sem-categoria"],"acf":[],"_links":{"self":[{"href":"https:\/\/www.ufsm.br\/pro-reitorias\/prograd\/caed\/wp-json\/wp\/v2\/posts\/4321","targetHints":{"allow":["GET"]}}],"collection":[{"href":"https:\/\/www.ufsm.br\/pro-reitorias\/prograd\/caed\/wp-json\/wp\/v2\/posts"}],"about":[{"href":"https:\/\/www.ufsm.br\/pro-reitorias\/prograd\/caed\/wp-json\/wp\/v2\/types\/post"}],"author":[{"embeddable":true,"href":"https:\/\/www.ufsm.br\/pro-reitorias\/prograd\/caed\/wp-json\/wp\/v2\/users\/281"}],"replies":[{"embeddable":true,"href":"https:\/\/www.ufsm.br\/pro-reitorias\/prograd\/caed\/wp-json\/wp\/v2\/comments?post=4321"}],"version-history":[{"count":0,"href":"https:\/\/www.ufsm.br\/pro-reitorias\/prograd\/caed\/wp-json\/wp\/v2\/posts\/4321\/revisions"}],"wp:attachment":[{"href":"https:\/\/www.ufsm.br\/pro-reitorias\/prograd\/caed\/wp-json\/wp\/v2\/media?parent=4321"}],"wp:term":[{"taxonomy":"category","embeddable":true,"href":"https:\/\/www.ufsm.br\/pro-reitorias\/prograd\/caed\/wp-json\/wp\/v2\/categories?post=4321"},{"taxonomy":"post_tag","embeddable":true,"href":"https:\/\/www.ufsm.br\/pro-reitorias\/prograd\/caed\/wp-json\/wp\/v2\/tags?post=4321"}],"curies":[{"name":"wp","href":"https:\/\/api.w.org\/{rel}","templated":true}]}}