{"id":4339,"date":"2021-06-14T21:10:47","date_gmt":"2021-06-15T00:10:47","guid":{"rendered":"https:\/\/www.ufsm.br\/orgaos-executivos\/caed\/?p=4339"},"modified":"2021-06-14T21:10:49","modified_gmt":"2021-06-15T00:10:49","slug":"chamada-interna-psicoeducacao-e-primeiros-cuidados-psicologicos-como-estrategias-de-prevencao-e-promocao-da-saude-durante-a-pandemia-de-covid-19-resultado-final","status":"publish","type":"post","link":"https:\/\/www.ufsm.br\/pro-reitorias\/prograd\/caed\/2021\/06\/14\/chamada-interna-psicoeducacao-e-primeiros-cuidados-psicologicos-como-estrategias-de-prevencao-e-promocao-da-saude-durante-a-pandemia-de-covid-19-resultado-final","title":{"rendered":"Chamada interna \u2013 Psicoeduca\u00e7\u00e3o e primeiros cuidados psicol\u00f3gicos como estrat\u00e9gias de preven\u00e7\u00e3o e promo\u00e7\u00e3o da sa\u00fade durante a pandemia de covid-19 \u2013 RESULTADO FINAL"},"content":{"rendered":"\n<p>A Universidade Federal de Santa Maria(UFSM)\/Coordenadoria de A\u00e7\u00f5es Educacionais divulga, em anexo, o resultado final da chamada interna do programa de extens\u00e3o Psicoeduca\u00e7\u00e3o e primeiros cuidados psicol\u00f3gicos como estrat\u00e9gias de preven\u00e7\u00e3o e promo\u00e7\u00e3o da sa\u00fade durante a pandemia de covid-19.<\/p>\n<p><a href=\"https:\/\/www.ufsm.br\/app\/uploads\/sites\/391\/2021\/06\/RESULTADO-FINAL.pdf\">RESULTADO FINAL<\/a><\/p>\n","protected":false},"excerpt":{"rendered":"<p>A Universidade Federal de Santa Maria(UFSM)\/Coordenadoria de A\u00e7\u00f5es Educacionais divulga, em anexo, o resultado final da chamada interna do programa de extens\u00e3o Psicoeduca\u00e7\u00e3o e primeiros cuidados psicol\u00f3gicos como estrat\u00e9gias de preven\u00e7\u00e3o e promo\u00e7\u00e3o da sa\u00fade durante a pandemia de covid-19. RESULTADO FINAL<\/p>\n","protected":false},"author":252,"featured_media":0,"comment_status":"closed","ping_status":"closed","sticky":false,"template":"","format":"standard","meta":{"footnotes":""},"categories":[1],"tags":[],"class_list":["post-4339","post","type-post","status-publish","format-standard","hentry","category-sem-categoria"],"acf":[],"_links":{"self":[{"href":"https:\/\/www.ufsm.br\/pro-reitorias\/prograd\/caed\/wp-json\/wp\/v2\/posts\/4339","targetHints":{"allow":["GET"]}}],"collection":[{"href":"https:\/\/www.ufsm.br\/pro-reitorias\/prograd\/caed\/wp-json\/wp\/v2\/posts"}],"about":[{"href":"https:\/\/www.ufsm.br\/pro-reitorias\/prograd\/caed\/wp-json\/wp\/v2\/types\/post"}],"author":[{"embeddable":true,"href":"https:\/\/www.ufsm.br\/pro-reitorias\/prograd\/caed\/wp-json\/wp\/v2\/users\/252"}],"replies":[{"embeddable":true,"href":"https:\/\/www.ufsm.br\/pro-reitorias\/prograd\/caed\/wp-json\/wp\/v2\/comments?post=4339"}],"version-history":[{"count":0,"href":"https:\/\/www.ufsm.br\/pro-reitorias\/prograd\/caed\/wp-json\/wp\/v2\/posts\/4339\/revisions"}],"wp:attachment":[{"href":"https:\/\/www.ufsm.br\/pro-reitorias\/prograd\/caed\/wp-json\/wp\/v2\/media?parent=4339"}],"wp:term":[{"taxonomy":"category","embeddable":true,"href":"https:\/\/www.ufsm.br\/pro-reitorias\/prograd\/caed\/wp-json\/wp\/v2\/categories?post=4339"},{"taxonomy":"post_tag","embeddable":true,"href":"https:\/\/www.ufsm.br\/pro-reitorias\/prograd\/caed\/wp-json\/wp\/v2\/tags?post=4339"}],"curies":[{"name":"wp","href":"https:\/\/api.w.org\/{rel}","templated":true}]}}